{"id":12340,"date":"2023-03-16T09:43:13","date_gmt":"2023-03-16T13:43:13","guid":{"rendered":"https:\/\/shannex.com\/?p=12340"},"modified":"2023-03-16T09:43:14","modified_gmt":"2023-03-16T13:43:14","slug":"nursing-home-association-of-nova-scotia-awards-gala","status":"publish","type":"post","link":"https:\/\/shannex.com\/fr\/connections-magazine\/nursing-home-association-of-nova-scotia-awards-gala\/","title":{"rendered":"Nursing Home Association of Nova Scotia Awards Gala"},"content":{"rendered":"\n<p>In the fall, the Nursing Home Association of Nova Scotia (NHNSA) hosted an awards gala following their<br>conference, with three Shannex nominations. Thank you to everyone for your participation in these events. Being asked to take part is a testament to the professionalism and compassion you bring with you<br>every day. Congratulations to the award finalists and award winner, Dr. Naomi Black.<\/p>\n\n\n\n<p><strong>The Trailblazer Award Nominee: Harbourstone Behavioural Pilot Program<\/strong><\/p>\n\n\n\n<p>Finding appropriate continuing care options for people with complex responsive behaviours can<br>be challenging, resulting in some individuals being refused from placement in long term care and<br>remaining in a hospital. The team at Harbourstone recognized these challenges and piloted a supportive environment for managing responsive behaviours. Since it began, the team welcomed 22 residents who were previously in the hospital or refused from other nursing homes. There have been zero placement refusals and hospitalizations, zero resident-to-resident or resident-to-staff injuries and no requests for 1:1 funding, due to behaviour.<\/p>\n\n\n\n<figure class=\"wp-block-image aligncenter size-full is-resized\"><img decoding=\"async\" src=\"https:\/\/shannex.com\/wp-content\/uploads\/2023\/03\/Screenshot-2023-03-16-103630.png\" alt=\"\" class=\"wp-image-12341\" width=\"370\" height=\"123\" srcset=\"https:\/\/shannex.com\/wp-content\/uploads\/2023\/03\/Screenshot-2023-03-16-103630.png 352w, https:\/\/shannex.com\/wp-content\/uploads\/2023\/03\/Screenshot-2023-03-16-103630-300x100.png 300w\" sizes=\"(max-width: 370px) 100vw, 370px\" \/><figcaption class=\"wp-element-caption\">(L-R) Emily Dewar, Danielle McCormick, Shannon Peterson, Katherine VanBuskirk, NHNSA Executive Director, Michele Lowe, Heather Hanson, Kyle Richardson, Stephanie Miles, Louela Paris, Maria Agcon, Vonn Manahan, Ron Garcia, Gavin Slade at the event.<br><\/figcaption><\/figure>\n\n\n\n<p><strong>The Cultural Harmony Award Nominee: Colchester Cumberland Team<\/strong><\/p>\n\n\n\n<p>The Colchester Cumberland Team hosts many events and educational sessions to share culture and diversity with the entire team, residents and their families. In each home in this region, the strength of our diverse and tight-knit community is infectious. The enthusiasm and sincere belief of the entire team in these efforts has influenced our operations beyond this region.<\/p>\n\n\n\n<figure class=\"wp-block-image aligncenter size-full is-resized\"><img decoding=\"async\" src=\"https:\/\/shannex.com\/wp-content\/uploads\/2023\/03\/Screenshot-2023-03-16-103940.png\" alt=\"\" class=\"wp-image-12343\" width=\"263\" height=\"202\"\/><figcaption class=\"wp-element-caption\">L-R: Stephanie Miles, Louela Paris, Maria Agcon and Emily Dewar.<\/figcaption><\/figure>\n\n\n\n<p><strong>Champion for Dignity Award Winner: Dr. Naomi Black, Parkstone Enhanced Care<\/strong><\/p>\n\n\n\n<p>Dr. Naomi Black has been a resident of Parkstone Enhanced Care in Halifax for six years. At 87, she devotes her time as an advocate for those living in long term care. Naomi was chosen from 250 applicants from across Canada to participate on the 32-member Technical Committee to develop new National Long Term Care Service Standards. Naomi was one of the founding members of Shannex\u2019s Resident and Family Advisory Committee, serving two terms and recently returning to sit on the Committee for the current year.<\/p>\n\n\n\n<figure class=\"wp-block-image aligncenter size-full\"><img decoding=\"async\" width=\"356\" height=\"362\" src=\"https:\/\/shannex.com\/wp-content\/uploads\/2023\/03\/Picture1.png\" alt=\"\" class=\"wp-image-12345\" srcset=\"https:\/\/shannex.com\/wp-content\/uploads\/2023\/03\/Picture1.png 356w, https:\/\/shannex.com\/wp-content\/uploads\/2023\/03\/Picture1-295x300.png 295w\" sizes=\"(max-width: 356px) 100vw, 356px\" \/><figcaption class=\"wp-element-caption\">Dr. Naomi Black, recipient of the Champion for Dignity Award.<\/figcaption><\/figure>\n","protected":false},"excerpt":{"rendered":"<p>In the fall, the Nursing Home Association of Nova Scotia [&hellip;]<\/p>\n","protected":false},"author":4,"featured_media":12341,"comment_status":"closed","ping_status":"open","sticky":false,"template":"","format":"standard","meta":{"_acf_changed":false,"inline_featured_image":false,"footnotes":""},"categories":[96,13],"tags":[],"class_list":["post-12340","post","type-post","status-publish","format-standard","has-post-thumbnail","hentry","category-winter-2023","category-connections-magazine"],"acf":[],"yoast_head":"<!-- This site is optimized with the Yoast SEO plugin v27.3 - https:\/\/yoast.com\/product\/yoast-seo-wordpress\/ -->\n<title>Nursing Home Association of Nova Scotia Awards Gala<\/title>\n<meta name=\"robots\" content=\"index, follow, max-snippet:-1, max-image-preview:large, max-video-preview:-1\" \/>\n<link rel=\"canonical\" href=\"https:\/\/shannex.com\/fr\/connections-magazine\/nursing-home-association-of-nova-scotia-awards-gala\/\" \/>\n<meta property=\"og:locale\" content=\"fr_FR\" \/>\n<meta property=\"og:type\" content=\"article\" \/>\n<meta property=\"og:title\" content=\"Nursing Home Association of Nova Scotia Awards Gala\" \/>\n<meta property=\"og:description\" content=\"In the fall, the Nursing Home Association of Nova Scotia [&hellip;]\" \/>\n<meta property=\"og:url\" content=\"https:\/\/shannex.com\/fr\/connections-magazine\/nursing-home-association-of-nova-scotia-awards-gala\/\" \/>\n<meta property=\"og:site_name\" content=\"Shannex\" \/>\n<meta property=\"article:published_time\" content=\"2023-03-16T13:43:13+00:00\" \/>\n<meta property=\"article:modified_time\" content=\"2023-03-16T13:43:14+00:00\" \/>\n<meta property=\"og:image\" content=\"https:\/\/shannex.com\/wp-content\/uploads\/2023\/03\/Screenshot-2023-03-16-103630.png\" \/>\n\t<meta property=\"og:image:width\" content=\"352\" \/>\n\t<meta property=\"og:image:height\" content=\"117\" \/>\n\t<meta property=\"og:image:type\" content=\"image\/png\" \/>\n<meta name=\"author\" content=\"Wynne Van Thielen\" \/>\n<meta name=\"twitter:card\" content=\"summary_large_image\" \/>\n<meta name=\"twitter:label1\" content=\"\u00c9crit par\" \/>\n\t<meta name=\"twitter:data1\" content=\"Wynne Van Thielen\" \/>\n\t<meta name=\"twitter:label2\" content=\"Dur\u00e9e de lecture estim\u00e9e\" \/>\n\t<meta name=\"twitter:data2\" content=\"3 minutes\" \/>\n<script type=\"application\/ld+json\" class=\"yoast-schema-graph\">{\"@context\":\"https:\\\/\\\/schema.org\",\"@graph\":[{\"@type\":\"Article\",\"@id\":\"https:\\\/\\\/shannex.com\\\/fr\\\/connections-magazine\\\/nursing-home-association-of-nova-scotia-awards-gala\\\/#article\",\"isPartOf\":{\"@id\":\"https:\\\/\\\/shannex.com\\\/fr\\\/connections-magazine\\\/nursing-home-association-of-nova-scotia-awards-gala\\\/\"},\"author\":{\"name\":\"Wynne Van Thielen\",\"@id\":\"https:\\\/\\\/shannex.com\\\/fr\\\/#\\\/schema\\\/person\\\/6d097523361a149d3338a2e088c16a81\"},\"headline\":\"Nursing Home Association of Nova Scotia Awards Gala\",\"datePublished\":\"2023-03-16T13:43:13+00:00\",\"dateModified\":\"2023-03-16T13:43:14+00:00\",\"mainEntityOfPage\":{\"@id\":\"https:\\\/\\\/shannex.com\\\/fr\\\/connections-magazine\\\/nursing-home-association-of-nova-scotia-awards-gala\\\/\"},\"wordCount\":376,\"publisher\":{\"@id\":\"https:\\\/\\\/shannex.com\\\/fr\\\/#organization\"},\"image\":{\"@id\":\"https:\\\/\\\/shannex.com\\\/fr\\\/connections-magazine\\\/nursing-home-association-of-nova-scotia-awards-gala\\\/#primaryimage\"},\"thumbnailUrl\":\"https:\\\/\\\/shannex.com\\\/wp-content\\\/uploads\\\/2023\\\/03\\\/Screenshot-2023-03-16-103630.png\",\"articleSection\":[\"Winter 2023\",\"Connections Magazine\"],\"inLanguage\":\"fr-FR\"},{\"@type\":\"WebPage\",\"@id\":\"https:\\\/\\\/shannex.com\\\/fr\\\/connections-magazine\\\/nursing-home-association-of-nova-scotia-awards-gala\\\/\",\"url\":\"https:\\\/\\\/shannex.com\\\/fr\\\/connections-magazine\\\/nursing-home-association-of-nova-scotia-awards-gala\\\/\",\"name\":\"Nursing Home Association of Nova Scotia Awards Gala\",\"isPartOf\":{\"@id\":\"https:\\\/\\\/shannex.com\\\/fr\\\/#website\"},\"primaryImageOfPage\":{\"@id\":\"https:\\\/\\\/shannex.com\\\/fr\\\/connections-magazine\\\/nursing-home-association-of-nova-scotia-awards-gala\\\/#primaryimage\"},\"image\":{\"@id\":\"https:\\\/\\\/shannex.com\\\/fr\\\/connections-magazine\\\/nursing-home-association-of-nova-scotia-awards-gala\\\/#primaryimage\"},\"thumbnailUrl\":\"https:\\\/\\\/shannex.com\\\/wp-content\\\/uploads\\\/2023\\\/03\\\/Screenshot-2023-03-16-103630.png\",\"datePublished\":\"2023-03-16T13:43:13+00:00\",\"dateModified\":\"2023-03-16T13:43:14+00:00\",\"inLanguage\":\"fr-FR\",\"potentialAction\":[{\"@type\":\"ReadAction\",\"target\":[\"https:\\\/\\\/shannex.com\\\/fr\\\/connections-magazine\\\/nursing-home-association-of-nova-scotia-awards-gala\\\/\"]}]},{\"@type\":\"ImageObject\",\"inLanguage\":\"fr-FR\",\"@id\":\"https:\\\/\\\/shannex.com\\\/fr\\\/connections-magazine\\\/nursing-home-association-of-nova-scotia-awards-gala\\\/#primaryimage\",\"url\":\"https:\\\/\\\/shannex.com\\\/wp-content\\\/uploads\\\/2023\\\/03\\\/Screenshot-2023-03-16-103630.png\",\"contentUrl\":\"https:\\\/\\\/shannex.com\\\/wp-content\\\/uploads\\\/2023\\\/03\\\/Screenshot-2023-03-16-103630.png\",\"width\":352,\"height\":117},{\"@type\":\"WebSite\",\"@id\":\"https:\\\/\\\/shannex.com\\\/fr\\\/#website\",\"url\":\"https:\\\/\\\/shannex.com\\\/fr\\\/\",\"name\":\"Shannex\",\"description\":\"\",\"publisher\":{\"@id\":\"https:\\\/\\\/shannex.com\\\/fr\\\/#organization\"},\"potentialAction\":[{\"@type\":\"SearchAction\",\"target\":{\"@type\":\"EntryPoint\",\"urlTemplate\":\"https:\\\/\\\/shannex.com\\\/fr\\\/?s={search_term_string}\"},\"query-input\":{\"@type\":\"PropertyValueSpecification\",\"valueRequired\":true,\"valueName\":\"search_term_string\"}}],\"inLanguage\":\"fr-FR\"},{\"@type\":\"Organization\",\"@id\":\"https:\\\/\\\/shannex.com\\\/fr\\\/#organization\",\"name\":\"Shannex\",\"url\":\"https:\\\/\\\/shannex.com\\\/fr\\\/\",\"logo\":{\"@type\":\"ImageObject\",\"inLanguage\":\"fr-FR\",\"@id\":\"https:\\\/\\\/shannex.com\\\/fr\\\/#\\\/schema\\\/logo\\\/image\\\/\",\"url\":\"https:\\\/\\\/shannex.com\\\/wp-content\\\/uploads\\\/2022\\\/01\\\/shannex-logo.svg\",\"contentUrl\":\"https:\\\/\\\/shannex.com\\\/wp-content\\\/uploads\\\/2022\\\/01\\\/shannex-logo.svg\",\"width\":486,\"height\":91,\"caption\":\"Shannex\"},\"image\":{\"@id\":\"https:\\\/\\\/shannex.com\\\/fr\\\/#\\\/schema\\\/logo\\\/image\\\/\"}},{\"@type\":\"Person\",\"@id\":\"https:\\\/\\\/shannex.com\\\/fr\\\/#\\\/schema\\\/person\\\/6d097523361a149d3338a2e088c16a81\",\"name\":\"Wynne Van Thielen\",\"image\":{\"@type\":\"ImageObject\",\"inLanguage\":\"fr-FR\",\"@id\":\"https:\\\/\\\/secure.gravatar.com\\\/avatar\\\/55d6bac15308d5174d1b5343a5795ffb8f9f359905470b8f19f245da0bf3ad79?s=96&d=mm&r=g\",\"url\":\"https:\\\/\\\/secure.gravatar.com\\\/avatar\\\/55d6bac15308d5174d1b5343a5795ffb8f9f359905470b8f19f245da0bf3ad79?s=96&d=mm&r=g\",\"contentUrl\":\"https:\\\/\\\/secure.gravatar.com\\\/avatar\\\/55d6bac15308d5174d1b5343a5795ffb8f9f359905470b8f19f245da0bf3ad79?s=96&d=mm&r=g\",\"caption\":\"Wynne Van Thielen\"},\"sameAs\":[\"https:\\\/\\\/shannex.com\"],\"url\":\"https:\\\/\\\/shannex.com\\\/fr\\\/author\\\/wynne\\\/\"}]}<\/script>\n<!-- \/ Yoast SEO plugin. -->","yoast_head_json":{"title":"Nursing Home Association of Nova Scotia Awards Gala","robots":{"index":"index","follow":"follow","max-snippet":"max-snippet:-1","max-image-preview":"max-image-preview:large","max-video-preview":"max-video-preview:-1"},"canonical":"https:\/\/shannex.com\/fr\/connections-magazine\/nursing-home-association-of-nova-scotia-awards-gala\/","og_locale":"fr_FR","og_type":"article","og_title":"Nursing Home Association of Nova Scotia Awards Gala","og_description":"In the fall, the Nursing Home Association of Nova Scotia [&hellip;]","og_url":"https:\/\/shannex.com\/fr\/connections-magazine\/nursing-home-association-of-nova-scotia-awards-gala\/","og_site_name":"Shannex","article_published_time":"2023-03-16T13:43:13+00:00","article_modified_time":"2023-03-16T13:43:14+00:00","og_image":[{"width":352,"height":117,"url":"https:\/\/shannex.com\/wp-content\/uploads\/2023\/03\/Screenshot-2023-03-16-103630.png","type":"image\/png"}],"author":"Wynne Van Thielen","twitter_card":"summary_large_image","twitter_misc":{"\u00c9crit par":"Wynne Van Thielen","Dur\u00e9e de lecture estim\u00e9e":"3 minutes"},"schema":{"@context":"https:\/\/schema.org","@graph":[{"@type":"Article","@id":"https:\/\/shannex.com\/fr\/connections-magazine\/nursing-home-association-of-nova-scotia-awards-gala\/#article","isPartOf":{"@id":"https:\/\/shannex.com\/fr\/connections-magazine\/nursing-home-association-of-nova-scotia-awards-gala\/"},"author":{"name":"Wynne Van Thielen","@id":"https:\/\/shannex.com\/fr\/#\/schema\/person\/6d097523361a149d3338a2e088c16a81"},"headline":"Nursing Home Association of Nova Scotia Awards Gala","datePublished":"2023-03-16T13:43:13+00:00","dateModified":"2023-03-16T13:43:14+00:00","mainEntityOfPage":{"@id":"https:\/\/shannex.com\/fr\/connections-magazine\/nursing-home-association-of-nova-scotia-awards-gala\/"},"wordCount":376,"publisher":{"@id":"https:\/\/shannex.com\/fr\/#organization"},"image":{"@id":"https:\/\/shannex.com\/fr\/connections-magazine\/nursing-home-association-of-nova-scotia-awards-gala\/#primaryimage"},"thumbnailUrl":"https:\/\/shannex.com\/wp-content\/uploads\/2023\/03\/Screenshot-2023-03-16-103630.png","articleSection":["Winter 2023","Connections Magazine"],"inLanguage":"fr-FR"},{"@type":"WebPage","@id":"https:\/\/shannex.com\/fr\/connections-magazine\/nursing-home-association-of-nova-scotia-awards-gala\/","url":"https:\/\/shannex.com\/fr\/connections-magazine\/nursing-home-association-of-nova-scotia-awards-gala\/","name":"Nursing Home Association of Nova Scotia Awards Gala","isPartOf":{"@id":"https:\/\/shannex.com\/fr\/#website"},"primaryImageOfPage":{"@id":"https:\/\/shannex.com\/fr\/connections-magazine\/nursing-home-association-of-nova-scotia-awards-gala\/#primaryimage"},"image":{"@id":"https:\/\/shannex.com\/fr\/connections-magazine\/nursing-home-association-of-nova-scotia-awards-gala\/#primaryimage"},"thumbnailUrl":"https:\/\/shannex.com\/wp-content\/uploads\/2023\/03\/Screenshot-2023-03-16-103630.png","datePublished":"2023-03-16T13:43:13+00:00","dateModified":"2023-03-16T13:43:14+00:00","inLanguage":"fr-FR","potentialAction":[{"@type":"ReadAction","target":["https:\/\/shannex.com\/fr\/connections-magazine\/nursing-home-association-of-nova-scotia-awards-gala\/"]}]},{"@type":"ImageObject","inLanguage":"fr-FR","@id":"https:\/\/shannex.com\/fr\/connections-magazine\/nursing-home-association-of-nova-scotia-awards-gala\/#primaryimage","url":"https:\/\/shannex.com\/wp-content\/uploads\/2023\/03\/Screenshot-2023-03-16-103630.png","contentUrl":"https:\/\/shannex.com\/wp-content\/uploads\/2023\/03\/Screenshot-2023-03-16-103630.png","width":352,"height":117},{"@type":"WebSite","@id":"https:\/\/shannex.com\/fr\/#website","url":"https:\/\/shannex.com\/fr\/","name":"Shannex","description":"","publisher":{"@id":"https:\/\/shannex.com\/fr\/#organization"},"potentialAction":[{"@type":"SearchAction","target":{"@type":"EntryPoint","urlTemplate":"https:\/\/shannex.com\/fr\/?s={search_term_string}"},"query-input":{"@type":"PropertyValueSpecification","valueRequired":true,"valueName":"search_term_string"}}],"inLanguage":"fr-FR"},{"@type":"Organization","@id":"https:\/\/shannex.com\/fr\/#organization","name":"Shannex","url":"https:\/\/shannex.com\/fr\/","logo":{"@type":"ImageObject","inLanguage":"fr-FR","@id":"https:\/\/shannex.com\/fr\/#\/schema\/logo\/image\/","url":"https:\/\/shannex.com\/wp-content\/uploads\/2022\/01\/shannex-logo.svg","contentUrl":"https:\/\/shannex.com\/wp-content\/uploads\/2022\/01\/shannex-logo.svg","width":486,"height":91,"caption":"Shannex"},"image":{"@id":"https:\/\/shannex.com\/fr\/#\/schema\/logo\/image\/"}},{"@type":"Person","@id":"https:\/\/shannex.com\/fr\/#\/schema\/person\/6d097523361a149d3338a2e088c16a81","name":"Wynne Van Thielen","image":{"@type":"ImageObject","inLanguage":"fr-FR","@id":"https:\/\/secure.gravatar.com\/avatar\/55d6bac15308d5174d1b5343a5795ffb8f9f359905470b8f19f245da0bf3ad79?s=96&d=mm&r=g","url":"https:\/\/secure.gravatar.com\/avatar\/55d6bac15308d5174d1b5343a5795ffb8f9f359905470b8f19f245da0bf3ad79?s=96&d=mm&r=g","contentUrl":"https:\/\/secure.gravatar.com\/avatar\/55d6bac15308d5174d1b5343a5795ffb8f9f359905470b8f19f245da0bf3ad79?s=96&d=mm&r=g","caption":"Wynne Van Thielen"},"sameAs":["https:\/\/shannex.com"],"url":"https:\/\/shannex.com\/fr\/author\/wynne\/"}]}},"_links":{"self":[{"href":"https:\/\/shannex.com\/fr\/wp-json\/wp\/v2\/posts\/12340","targetHints":{"allow":["GET"]}}],"collection":[{"href":"https:\/\/shannex.com\/fr\/wp-json\/wp\/v2\/posts"}],"about":[{"href":"https:\/\/shannex.com\/fr\/wp-json\/wp\/v2\/types\/post"}],"author":[{"embeddable":true,"href":"https:\/\/shannex.com\/fr\/wp-json\/wp\/v2\/users\/4"}],"replies":[{"embeddable":true,"href":"https:\/\/shannex.com\/fr\/wp-json\/wp\/v2\/comments?post=12340"}],"version-history":[{"count":0,"href":"https:\/\/shannex.com\/fr\/wp-json\/wp\/v2\/posts\/12340\/revisions"}],"wp:featuredmedia":[{"embeddable":true,"href":"https:\/\/shannex.com\/fr\/wp-json\/wp\/v2\/media\/12341"}],"wp:attachment":[{"href":"https:\/\/shannex.com\/fr\/wp-json\/wp\/v2\/media?parent=12340"}],"wp:term":[{"taxonomy":"category","embeddable":true,"href":"https:\/\/shannex.com\/fr\/wp-json\/wp\/v2\/categories?post=12340"},{"taxonomy":"post_tag","embeddable":true,"href":"https:\/\/shannex.com\/fr\/wp-json\/wp\/v2\/tags?post=12340"}],"curies":[{"name":"wp","href":"https:\/\/api.w.org\/{rel}","templated":true}]}}