{"id":1596,"date":"2016-10-17T10:43:55","date_gmt":"2016-10-17T10:43:55","guid":{"rendered":"https:\/\/shannex.com\/?post_type=post&#038;p=1596"},"modified":"2022-03-20T21:25:04","modified_gmt":"2022-03-20T21:25:04","slug":"celebrating-national-infection-control-week","status":"publish","type":"post","link":"https:\/\/shannex.com\/fr\/news-announcements\/celebrating-national-infection-control-week\/","title":{"rendered":"Celebrating National Infection Control Week"},"content":{"rendered":"<p>Every year, during the third week of October, Shannex joins health care providers from across the country by recognizing National Infection Control Week.<br \/>\nInfection Prevention and Control programs are widely recognized as being both clinically and cost effective in preventing and controlling the spread of infections in health care settings. These programs help to protect clients and staff from infections before they occur.<br \/>\nOne of the easiest and most effective ways of preventing the spread of influenza and other common viruses is through proper hand hygiene and vaccinations. National Infection Control Week is the perfect opportunity for Shannex to remind its employees, clients and visitors of proper hand hygiene procedures and to encourage everyone to get the flu vaccine.<br \/>\nEveryone can help prevent the spread of infection. Let\u2019s all do our part to keep our community safe and healthy this season.<br \/>\n<strong>For more information:<\/strong><br \/>\nIPAC Canada <a href=\"https:\/\/www.ipac-canada.org\">www.ipac-canada.org<\/a><br \/>\nPublic Health Agency of Canada <a href=\"https:\/\/www.phac-aspc.gc.ca\/influenza\">www.phac-aspc.gc.ca\/influenza<\/a><br \/>\n<strong>MEDIA INQUIRIES<\/strong><br \/>\n<strong>Katherine VanBuskirk<br \/>\n<\/strong>Director, Communications and Community Relations<br \/>\n902-406-8297<br \/>\nkvanbuskirk@shannex.com<\/p>\n","protected":false},"excerpt":{"rendered":"<p>Every year, during the third week of October, Shannex joins [&hellip;]<\/p>\n","protected":false},"author":4,"featured_media":0,"comment_status":"closed","ping_status":"closed","sticky":false,"template":"","format":"standard","meta":{"_acf_changed":false,"inline_featured_image":false,"footnotes":""},"categories":[79,1],"tags":[],"class_list":["post-1596","post","type-post","status-publish","format-standard","hentry","category-news","category-news-announcements"],"acf":[],"yoast_head":"<!-- This site is optimized with the Yoast SEO plugin v27.3 - https:\/\/yoast.com\/product\/yoast-seo-wordpress\/ -->\n<title>Celebrating National Infection Control Week<\/title>\n<meta name=\"robots\" content=\"index, follow, max-snippet:-1, max-image-preview:large, max-video-preview:-1\" \/>\n<link rel=\"canonical\" href=\"https:\/\/shannex.com\/fr\/news-announcements\/celebrating-national-infection-control-week\/\" \/>\n<meta property=\"og:locale\" content=\"fr_FR\" \/>\n<meta property=\"og:type\" content=\"article\" \/>\n<meta property=\"og:title\" content=\"Celebrating National Infection Control Week\" \/>\n<meta property=\"og:description\" content=\"Every year, during the third week of October, Shannex joins [&hellip;]\" \/>\n<meta property=\"og:url\" content=\"https:\/\/shannex.com\/fr\/news-announcements\/celebrating-national-infection-control-week\/\" \/>\n<meta property=\"og:site_name\" content=\"Shannex\" \/>\n<meta property=\"article:published_time\" content=\"2016-10-17T10:43:55+00:00\" \/>\n<meta property=\"article:modified_time\" content=\"2022-03-20T21:25:04+00:00\" \/>\n<meta name=\"author\" content=\"Wynne Van Thielen\" \/>\n<meta name=\"twitter:card\" content=\"summary_large_image\" \/>\n<meta name=\"twitter:label1\" content=\"\u00c9crit par\" \/>\n\t<meta name=\"twitter:data1\" content=\"Wynne Van Thielen\" \/>\n\t<meta name=\"twitter:label2\" content=\"Dur\u00e9e de lecture estim\u00e9e\" \/>\n\t<meta name=\"twitter:data2\" content=\"1 minute\" \/>\n<script type=\"application\/ld+json\" class=\"yoast-schema-graph\">{\"@context\":\"https:\\\/\\\/schema.org\",\"@graph\":[{\"@type\":\"Article\",\"@id\":\"https:\\\/\\\/shannex.com\\\/fr\\\/news-announcements\\\/celebrating-national-infection-control-week\\\/#article\",\"isPartOf\":{\"@id\":\"https:\\\/\\\/shannex.com\\\/fr\\\/news-announcements\\\/celebrating-national-infection-control-week\\\/\"},\"author\":{\"name\":\"Wynne Van Thielen\",\"@id\":\"https:\\\/\\\/shannex.com\\\/fr\\\/#\\\/schema\\\/person\\\/6d097523361a149d3338a2e088c16a81\"},\"headline\":\"Celebrating National Infection Control Week\",\"datePublished\":\"2016-10-17T10:43:55+00:00\",\"dateModified\":\"2022-03-20T21:25:04+00:00\",\"mainEntityOfPage\":{\"@id\":\"https:\\\/\\\/shannex.com\\\/fr\\\/news-announcements\\\/celebrating-national-infection-control-week\\\/\"},\"wordCount\":179,\"publisher\":{\"@id\":\"https:\\\/\\\/shannex.com\\\/fr\\\/#organization\"},\"articleSection\":[\"News\",\"News &amp; Announcements\"],\"inLanguage\":\"fr-FR\"},{\"@type\":\"WebPage\",\"@id\":\"https:\\\/\\\/shannex.com\\\/fr\\\/news-announcements\\\/celebrating-national-infection-control-week\\\/\",\"url\":\"https:\\\/\\\/shannex.com\\\/fr\\\/news-announcements\\\/celebrating-national-infection-control-week\\\/\",\"name\":\"Celebrating National Infection Control Week\",\"isPartOf\":{\"@id\":\"https:\\\/\\\/shannex.com\\\/fr\\\/#website\"},\"datePublished\":\"2016-10-17T10:43:55+00:00\",\"dateModified\":\"2022-03-20T21:25:04+00:00\",\"inLanguage\":\"fr-FR\",\"potentialAction\":[{\"@type\":\"ReadAction\",\"target\":[\"https:\\\/\\\/shannex.com\\\/fr\\\/news-announcements\\\/celebrating-national-infection-control-week\\\/\"]}]},{\"@type\":\"WebSite\",\"@id\":\"https:\\\/\\\/shannex.com\\\/fr\\\/#website\",\"url\":\"https:\\\/\\\/shannex.com\\\/fr\\\/\",\"name\":\"Shannex\",\"description\":\"\",\"publisher\":{\"@id\":\"https:\\\/\\\/shannex.com\\\/fr\\\/#organization\"},\"potentialAction\":[{\"@type\":\"SearchAction\",\"target\":{\"@type\":\"EntryPoint\",\"urlTemplate\":\"https:\\\/\\\/shannex.com\\\/fr\\\/?s={search_term_string}\"},\"query-input\":{\"@type\":\"PropertyValueSpecification\",\"valueRequired\":true,\"valueName\":\"search_term_string\"}}],\"inLanguage\":\"fr-FR\"},{\"@type\":\"Organization\",\"@id\":\"https:\\\/\\\/shannex.com\\\/fr\\\/#organization\",\"name\":\"Shannex\",\"url\":\"https:\\\/\\\/shannex.com\\\/fr\\\/\",\"logo\":{\"@type\":\"ImageObject\",\"inLanguage\":\"fr-FR\",\"@id\":\"https:\\\/\\\/shannex.com\\\/fr\\\/#\\\/schema\\\/logo\\\/image\\\/\",\"url\":\"https:\\\/\\\/shannex.com\\\/wp-content\\\/uploads\\\/2022\\\/01\\\/shannex-logo.svg\",\"contentUrl\":\"https:\\\/\\\/shannex.com\\\/wp-content\\\/uploads\\\/2022\\\/01\\\/shannex-logo.svg\",\"width\":486,\"height\":91,\"caption\":\"Shannex\"},\"image\":{\"@id\":\"https:\\\/\\\/shannex.com\\\/fr\\\/#\\\/schema\\\/logo\\\/image\\\/\"}},{\"@type\":\"Person\",\"@id\":\"https:\\\/\\\/shannex.com\\\/fr\\\/#\\\/schema\\\/person\\\/6d097523361a149d3338a2e088c16a81\",\"name\":\"Wynne Van Thielen\",\"image\":{\"@type\":\"ImageObject\",\"inLanguage\":\"fr-FR\",\"@id\":\"https:\\\/\\\/secure.gravatar.com\\\/avatar\\\/55d6bac15308d5174d1b5343a5795ffb8f9f359905470b8f19f245da0bf3ad79?s=96&d=mm&r=g\",\"url\":\"https:\\\/\\\/secure.gravatar.com\\\/avatar\\\/55d6bac15308d5174d1b5343a5795ffb8f9f359905470b8f19f245da0bf3ad79?s=96&d=mm&r=g\",\"contentUrl\":\"https:\\\/\\\/secure.gravatar.com\\\/avatar\\\/55d6bac15308d5174d1b5343a5795ffb8f9f359905470b8f19f245da0bf3ad79?s=96&d=mm&r=g\",\"caption\":\"Wynne Van Thielen\"},\"sameAs\":[\"https:\\\/\\\/shannex.com\"],\"url\":\"https:\\\/\\\/shannex.com\\\/fr\\\/author\\\/wynne\\\/\"}]}<\/script>\n<!-- \/ Yoast SEO plugin. -->","yoast_head_json":{"title":"Celebrating National Infection Control Week","robots":{"index":"index","follow":"follow","max-snippet":"max-snippet:-1","max-image-preview":"max-image-preview:large","max-video-preview":"max-video-preview:-1"},"canonical":"https:\/\/shannex.com\/fr\/news-announcements\/celebrating-national-infection-control-week\/","og_locale":"fr_FR","og_type":"article","og_title":"Celebrating National Infection Control Week","og_description":"Every year, during the third week of October, Shannex joins [&hellip;]","og_url":"https:\/\/shannex.com\/fr\/news-announcements\/celebrating-national-infection-control-week\/","og_site_name":"Shannex","article_published_time":"2016-10-17T10:43:55+00:00","article_modified_time":"2022-03-20T21:25:04+00:00","author":"Wynne Van Thielen","twitter_card":"summary_large_image","twitter_misc":{"\u00c9crit par":"Wynne Van Thielen","Dur\u00e9e de lecture estim\u00e9e":"1 minute"},"schema":{"@context":"https:\/\/schema.org","@graph":[{"@type":"Article","@id":"https:\/\/shannex.com\/fr\/news-announcements\/celebrating-national-infection-control-week\/#article","isPartOf":{"@id":"https:\/\/shannex.com\/fr\/news-announcements\/celebrating-national-infection-control-week\/"},"author":{"name":"Wynne Van Thielen","@id":"https:\/\/shannex.com\/fr\/#\/schema\/person\/6d097523361a149d3338a2e088c16a81"},"headline":"Celebrating National Infection Control Week","datePublished":"2016-10-17T10:43:55+00:00","dateModified":"2022-03-20T21:25:04+00:00","mainEntityOfPage":{"@id":"https:\/\/shannex.com\/fr\/news-announcements\/celebrating-national-infection-control-week\/"},"wordCount":179,"publisher":{"@id":"https:\/\/shannex.com\/fr\/#organization"},"articleSection":["News","News &amp; Announcements"],"inLanguage":"fr-FR"},{"@type":"WebPage","@id":"https:\/\/shannex.com\/fr\/news-announcements\/celebrating-national-infection-control-week\/","url":"https:\/\/shannex.com\/fr\/news-announcements\/celebrating-national-infection-control-week\/","name":"Celebrating National Infection Control Week","isPartOf":{"@id":"https:\/\/shannex.com\/fr\/#website"},"datePublished":"2016-10-17T10:43:55+00:00","dateModified":"2022-03-20T21:25:04+00:00","inLanguage":"fr-FR","potentialAction":[{"@type":"ReadAction","target":["https:\/\/shannex.com\/fr\/news-announcements\/celebrating-national-infection-control-week\/"]}]},{"@type":"WebSite","@id":"https:\/\/shannex.com\/fr\/#website","url":"https:\/\/shannex.com\/fr\/","name":"Shannex","description":"","publisher":{"@id":"https:\/\/shannex.com\/fr\/#organization"},"potentialAction":[{"@type":"SearchAction","target":{"@type":"EntryPoint","urlTemplate":"https:\/\/shannex.com\/fr\/?s={search_term_string}"},"query-input":{"@type":"PropertyValueSpecification","valueRequired":true,"valueName":"search_term_string"}}],"inLanguage":"fr-FR"},{"@type":"Organization","@id":"https:\/\/shannex.com\/fr\/#organization","name":"Shannex","url":"https:\/\/shannex.com\/fr\/","logo":{"@type":"ImageObject","inLanguage":"fr-FR","@id":"https:\/\/shannex.com\/fr\/#\/schema\/logo\/image\/","url":"https:\/\/shannex.com\/wp-content\/uploads\/2022\/01\/shannex-logo.svg","contentUrl":"https:\/\/shannex.com\/wp-content\/uploads\/2022\/01\/shannex-logo.svg","width":486,"height":91,"caption":"Shannex"},"image":{"@id":"https:\/\/shannex.com\/fr\/#\/schema\/logo\/image\/"}},{"@type":"Person","@id":"https:\/\/shannex.com\/fr\/#\/schema\/person\/6d097523361a149d3338a2e088c16a81","name":"Wynne Van Thielen","image":{"@type":"ImageObject","inLanguage":"fr-FR","@id":"https:\/\/secure.gravatar.com\/avatar\/55d6bac15308d5174d1b5343a5795ffb8f9f359905470b8f19f245da0bf3ad79?s=96&d=mm&r=g","url":"https:\/\/secure.gravatar.com\/avatar\/55d6bac15308d5174d1b5343a5795ffb8f9f359905470b8f19f245da0bf3ad79?s=96&d=mm&r=g","contentUrl":"https:\/\/secure.gravatar.com\/avatar\/55d6bac15308d5174d1b5343a5795ffb8f9f359905470b8f19f245da0bf3ad79?s=96&d=mm&r=g","caption":"Wynne Van Thielen"},"sameAs":["https:\/\/shannex.com"],"url":"https:\/\/shannex.com\/fr\/author\/wynne\/"}]}},"_links":{"self":[{"href":"https:\/\/shannex.com\/fr\/wp-json\/wp\/v2\/posts\/1596","targetHints":{"allow":["GET"]}}],"collection":[{"href":"https:\/\/shannex.com\/fr\/wp-json\/wp\/v2\/posts"}],"about":[{"href":"https:\/\/shannex.com\/fr\/wp-json\/wp\/v2\/types\/post"}],"author":[{"embeddable":true,"href":"https:\/\/shannex.com\/fr\/wp-json\/wp\/v2\/users\/4"}],"replies":[{"embeddable":true,"href":"https:\/\/shannex.com\/fr\/wp-json\/wp\/v2\/comments?post=1596"}],"version-history":[{"count":0,"href":"https:\/\/shannex.com\/fr\/wp-json\/wp\/v2\/posts\/1596\/revisions"}],"wp:attachment":[{"href":"https:\/\/shannex.com\/fr\/wp-json\/wp\/v2\/media?parent=1596"}],"wp:term":[{"taxonomy":"category","embeddable":true,"href":"https:\/\/shannex.com\/fr\/wp-json\/wp\/v2\/categories?post=1596"},{"taxonomy":"post_tag","embeddable":true,"href":"https:\/\/shannex.com\/fr\/wp-json\/wp\/v2\/tags?post=1596"}],"curies":[{"name":"wp","href":"https:\/\/api.w.org\/{rel}","templated":true}]}}