{"id":18812,"date":"2023-08-24T10:19:46","date_gmt":"2023-08-24T14:19:46","guid":{"rendered":"https:\/\/shannex.com\/non-classifiee\/un-personnel-engage-2\/"},"modified":"2023-09-22T14:16:17","modified_gmt":"2023-09-22T18:16:17","slug":"un-personnel-engage-2","status":"publish","type":"post","link":"https:\/\/shannex.com\/fr\/rapport-a-la-communaute\/un-personnel-engage-2\/","title":{"rendered":"Un personnel engag\u00e9"},"content":{"rendered":"\n<figure class=\"wp-block-pullquote has-yellow-color has-text-color\"><blockquote><p>Engager les membres de notre \u00e9quipe et \u00eatre l\u2019employeur de choix partout o\u00f9 nous menons nos activit\u00e9s.<\/p><\/blockquote><\/figure>\n\n<div class=\"wp-block-columns is-layout-flex wp-container-core-columns-is-layout-28f84493 wp-block-columns-is-layout-flex\">\n<div class=\"wp-block-column is-layout-flow wp-block-column-is-layout-flow\" style=\"flex-basis:33.33%\">\n<h2 class=\"wp-block-heading has-yellow-color has-text-color\">R\u00c9ALISATIONS<\/h2>\n<\/div>\n\n\n\n<div class=\"wp-block-column is-layout-flow wp-block-column-is-layout-flow\" style=\"flex-basis:66.66%\">\n<ul class=\"wp-block-list\">\n<li>Les initiatives en mati\u00e8re de s\u00e9curit\u00e9 et de pr\u00e9vention des maladies ont permis de r\u00e9duire le nombre d\u2019accidents du travail, de favoriser le bien-\u00eatre des employ\u00e9s et d\u2019acc\u00e9l\u00e9rer le retour au travail des membres de l\u2019\u00e9quipe<\/li>\n\n\n\n<li>R\u00e9alisation d\u2019\u00e9tapes importantes dans le cadre de notre projet d\u2019am\u00e9lioration de la qualit\u00e9 de la r\u00e9mun\u00e9ration globale du personnel, notamment la mise \u00e0 jour des descriptions de poste, le lancement d\u2019une plateforme de rabais pour les employ\u00e9s, la relance du programme de leadership ex\u00e9cutif et la cr\u00e9ation d\u2019un comit\u00e9 d\u2019examen du cadre de r\u00e9mun\u00e9ration<\/li>\n\n\n\n<li>Lancement du <a href=\"https:\/\/shannexconnects.itacit.com\/resources\/documents\/1521?LANGUAGE=en&amp;q=blue%20book\">Livre bleu<\/a> et \u00e9tablissement des normes de la marque<\/li>\n\n\n\n<li>Stabilisation des effectifs suite \u00e0 la COVID-19, en s\u2019appuyant sur des programmes de d\u00e9veloppement des comp\u00e9tences et sur le recrutement international<\/li>\n\n\n\n<li>Poursuite du parcours de diversit\u00e9, d\u2019\u00e9quit\u00e9, d\u2019inclusion et d\u2019appartenance avec les <a href=\"https:\/\/ashantileadership.com\/\" target=\"_blank\" rel=\"noreferrer noopener\">dirigeants Ashanti<\/a>, d\u00e9claration d\u2019engagement, programme de formation initiale pour les gestionnaires de personnes<\/li>\n<\/ul>\n<\/div>\n<\/div>\n\n<div style=\"height:100px\" aria-hidden=\"true\" class=\"wp-block-spacer\"><\/div>\n\n<div class=\"wp-block-columns is-layout-flex wp-container-core-columns-is-layout-28f84493 wp-block-columns-is-layout-flex\">\n<div class=\"wp-block-column is-layout-flow wp-block-column-is-layout-flow\">\n<h2 class=\"wp-block-heading has-yellow-color has-text-color\">De grandes r\u00e9compenses pour un personnel exceptionnel<\/h2>\n\n\n\n<p>L\u2019ann\u00e9e derni\u00e8re, un projet d\u2019am\u00e9lioration de la qualit\u00e9 a \u00e9t\u00e9 lanc\u00e9 afin d\u2019examiner, d\u2019\u00e9valuer et d\u2019identifier les domaines \u00e0 am\u00e9liorer dans le cadre du programme de r\u00e9mun\u00e9ration globale de l\u2019organisation. Les contributions de toutes les communaut\u00e9s ont \u00e9t\u00e9 recueillies et des am\u00e9liorations ont \u00e9t\u00e9 apport\u00e9es dans cinq domaines cl\u00e9s : <\/p>\n\n\n\n<ul class=\"wp-block-list\">\n<li>1) les droits pour la direction et le groupe administratif <\/li>\n\n\n\n<li>, 2) de nouveaux fournisseurs d\u2019avantages pay\u00e9s par l\u2019entreprise (44 000 $ d\u2019\u00e9conomies dans les 30 premiers jours),<\/li>\n\n\n\n<li>), 3) l\u2019ajout de soins de sant\u00e9 virtuels \u00e0 notre programme de prestations collectives, avec des prestations de sant\u00e9 primaire et mentale,<\/li>\n\n\n\n<li>4) des communications et des documents am\u00e9lior\u00e9s avec un acc\u00e8s facile aux renseignements sur les prestations, et<br\/>5) un comit\u00e9 du cadre de r\u00e9mun\u00e9ration qui travaille \u00e0 la refonte de la r\u00e9mun\u00e9ration mon\u00e9taire.<\/li>\n\n\n\n<li>un comit\u00e9 du cadre de r\u00e9mun\u00e9ration qui travaille \u00e0 la refonte de la r\u00e9mun\u00e9ration mon\u00e9taire.<\/li>\n<\/ul>\n<\/div>\n\n\n\n<div class=\"wp-block-column is-layout-flow wp-block-column-is-layout-flow\">\n<figure class=\"wp-block-image size-full\"><img decoding=\"async\" width=\"911\" height=\"718\" src=\"https:\/\/shannex.com\/wp-content\/uploads\/2023\/08\/Great-people-meaningful-work.png\" alt=\"\" class=\"wp-image-16428\" srcset=\"https:\/\/shannex.com\/wp-content\/uploads\/2023\/08\/Great-people-meaningful-work.png 911w, https:\/\/shannex.com\/wp-content\/uploads\/2023\/08\/Great-people-meaningful-work-300x236.png 300w, https:\/\/shannex.com\/wp-content\/uploads\/2023\/08\/Great-people-meaningful-work-768x605.png 768w\" sizes=\"(max-width: 911px) 100vw, 911px\" \/><\/figure>\n<\/div>\n<\/div>\n\n<div style=\"height:100px\" aria-hidden=\"true\" class=\"wp-block-spacer\"><\/div>\n\n<div class=\"wp-block-columns is-layout-flex wp-container-core-columns-is-layout-28f84493 wp-block-columns-is-layout-flex\">\n<div class=\"wp-block-column is-layout-flow wp-block-column-is-layout-flow\" style=\"flex-basis:33.33%\">\n<h2 class=\"wp-block-heading has-yellow-color has-text-color\">Transformation de notre approche en mati\u00e8re de personnes et de culture<\/h2>\n\n\n\n<p>Cette ann\u00e9e, nous avons fait de grands progr\u00e8s sur plusieurs fronts pour transformer notre approche en mati\u00e8re de personnes et de culture. Trouver les bonnes personnes qui s\u2019alignent sur nos valeurs et notre vision est crucial pour notre succ\u00e8s. C\u2019est dans cette optique que nous avons d\u00e9velopp\u00e9 une toute nouvelle plateforme de marque employeur. En plus de renforcer nos efforts de recrutement au niveau local, nous nous sommes \u00e9galement lanc\u00e9s dans des missions internationales afin d\u2019attirer des talents exceptionnels du monde entier. <\/p>\n\n\n\n<p>En plus de renforcer nos efforts de recrutement au niveau local, nous nous sommes \u00e9galement lanc\u00e9s dans des missions internationales afin d\u2019attirer des talents exceptionnels du monde entier. Notre \u00e9quipe de recrutement international a particip\u00e9 \u00e0 des missions conjointes avec les provinces de la Nouvelle-\u00c9cosse et du Nouveau-Brunswick, respectivement aux Pays-Bas et aux Philippines. Ces voyages n\u2019ont pas seulement \u00e9largi notre bassin de personnel exceptionnel, mais ont \u00e9galement favoris\u00e9 des \u00e9changes culturels et des collaborations de grande valeur.<\/p>\n<\/div>\n\n\n\n<div class=\"wp-block-column is-layout-flow wp-block-column-is-layout-flow\" style=\"flex-basis:66.66%\">\n<figure class=\"wp-block-image size-large\"><img decoding=\"async\" width=\"2048\" height=\"1365\" src=\"https:\/\/shannex.com\/wp-content\/uploads\/2023\/08\/international-recruitment-edited.jpg\" alt=\"\" class=\"wp-image-16803\" srcset=\"https:\/\/shannex.com\/wp-content\/uploads\/2023\/08\/international-recruitment-edited.jpg 2048w, https:\/\/shannex.com\/wp-content\/uploads\/2023\/08\/international-recruitment-edited-300x200.jpg 300w, https:\/\/shannex.com\/wp-content\/uploads\/2023\/08\/international-recruitment-edited-1024x683.jpg 1024w, https:\/\/shannex.com\/wp-content\/uploads\/2023\/08\/international-recruitment-edited-768x512.jpg 768w, https:\/\/shannex.com\/wp-content\/uploads\/2023\/08\/international-recruitment-edited-1536x1024.jpg 1536w\" sizes=\"(max-width: 2048px) 100vw, 2048px\" \/><\/figure>\n<\/div>\n<\/div>\n\n<div style=\"height:100px\" aria-hidden=\"true\" class=\"wp-block-spacer\"><\/div>\n\n<div class=\"wp-block-columns is-layout-flex wp-container-core-columns-is-layout-28f84493 wp-block-columns-is-layout-flex\">\n<div class=\"wp-block-column is-layout-flow wp-block-column-is-layout-flow\">\n<h2 class=\"wp-block-heading has-yellow-color has-text-color\">Notre cheminement vers le bleu &#8211; Path to Blue<\/h2>\n\n\n\n<p>L\u2019ann\u00e9e derni\u00e8re, Shannex a publi\u00e9 son <a href=\"https:\/\/shannexconnects.itacit.com\/resources\/documents\/1521?LANGUAGE=en&amp;q=blue%20book\">Livre bleu<\/a>, un guide d\u2019introduction \u00e0 la marque destin\u00e9 aux nouveaux membres de l\u2019\u00e9quipe afin de leur faire conna\u00eetre notre histoire, nos valeurs, nos principes directeurs, nos normes universelles et les possibilit\u00e9s d\u2019apprentissage et d\u2019\u00e9volution par l\u2019entremise du d\u00e9veloppement professionnel. Depuis notre premi\u00e8re f\u00eate du personnel exceptionnel en mai dernier, un comit\u00e9 a \u00e9t\u00e9 form\u00e9 pour d\u00e9velopper, cr\u00e9er et promouvoir un calendrier du Mois du personnel exceptionnel, qui a d\u00e9but\u00e9 le 1er mai 2023 et a \u00e9t\u00e9 suivi d\u2019un calendrier d\u2019\u00e9v\u00e9nements et d\u2019activit\u00e9s tout au long du mois pour reconna\u00eetre et c\u00e9l\u00e9brer notre personnel exceptionnel.<\/p>\n<\/div>\n\n\n\n<div class=\"wp-block-column is-layout-flow wp-block-column-is-layout-flow\">\n<h2 class=\"wp-block-heading has-yellow-color has-text-color\">Mission soins infirmiers<\/h2>\n\n\n\n<p>Shannex est fi\u00e8re d\u2019\u00eatre l\u2019un des premiers partenaires engag\u00e9s du programme Mission soins infirmiers du Nouveau-Brunswick : Trajectoire travail-\u00e9tudes en soins infirmiers. Mission soins infirmiers offre aux pr\u00e9pos\u00e9s des services de soutien personnel (PSSP) et aux infirmi\u00e8res auxiliaires (IAUX) la possibilit\u00e9 de faire \u00e9voluer leur carri\u00e8re tout en travaillant, gr\u00e2ce \u00e0 une combinaison de formation sur le terrain et d\u2019apprentissage en classe avec des frais de scolarit\u00e9 gratuits. L\u2019\u00e9quipe de la direction de Shannex au Nouveau-Brunswick a jou\u00e9 un r\u00f4le d\u00e9terminant dans le lancement de ce projet qui soutiendra notre personnel exceptionnel lorsque celui-ci veut faire progresser sa carri\u00e8re tout en restant sur le march\u00e9 du travail.<\/p>\n<\/div>\n\n\n\n<div class=\"wp-block-column is-layout-flow wp-block-column-is-layout-flow\">\n<h2 class=\"wp-block-heading has-yellow-color has-text-color\">Sondage sur l\u2019engagement des employ\u00e9s<\/h2>\n\n\n\n<p>Notre sondage annuel sur l\u2019engagement du personnel, men\u00e9 en mars 2023, a obtenu un score global de 81,12 %, en hausse par rapport aux ann\u00e9es pr\u00e9c\u00e9dentes. Un pourcentage impressionnant de 95 % des membres de l\u2019\u00e9quipe d\u00e9clarent se sentir vus, entendus et c\u00e9l\u00e9br\u00e9s chez Shannex.<\/p>\n<\/div>\n<\/div>\n\n<div style=\"height:100px\" aria-hidden=\"true\" class=\"wp-block-spacer\"><\/div>\n","protected":false},"excerpt":{"rendered":"<p>Engager les membres de notre \u00e9quipe et \u00eatre l\u2019employeur de [&hellip;]<\/p>\n","protected":false},"author":24,"featured_media":16429,"comment_status":"open","ping_status":"open","sticky":false,"template":"","format":"standard","meta":{"_acf_changed":false,"inline_featured_image":false,"footnotes":""},"categories":[2,83,110],"tags":[],"class_list":["post-18812","post","type-post","status-publish","format-standard","has-post-thumbnail","hentry","category-nouvelles-et-annonces","category-rapport-a-la-communaute","category-rapport-a-la-communaute-exercice-2022-2023"],"acf":[],"yoast_head":"<!-- This site is optimized with the Yoast SEO plugin v27.3 - https:\/\/yoast.com\/product\/yoast-seo-wordpress\/ -->\n<title>Un personnel engag\u00e9<\/title>\n<meta name=\"robots\" content=\"index, follow, max-snippet:-1, max-image-preview:large, max-video-preview:-1\" \/>\n<link rel=\"canonical\" href=\"https:\/\/shannex.com\/fr\/rapport-a-la-communaute\/un-personnel-engage-2\/\" \/>\n<meta property=\"og:locale\" content=\"fr_FR\" \/>\n<meta property=\"og:type\" content=\"article\" \/>\n<meta property=\"og:title\" content=\"Un personnel engag\u00e9\" \/>\n<meta property=\"og:description\" content=\"Engager les membres de notre \u00e9quipe et \u00eatre l\u2019employeur de [&hellip;]\" \/>\n<meta property=\"og:url\" content=\"https:\/\/shannex.com\/fr\/rapport-a-la-communaute\/un-personnel-engage-2\/\" \/>\n<meta property=\"og:site_name\" content=\"Shannex\" \/>\n<meta property=\"article:published_time\" content=\"2023-08-24T14:19:46+00:00\" \/>\n<meta property=\"article:modified_time\" content=\"2023-09-22T18:16:17+00:00\" \/>\n<meta property=\"og:image\" content=\"https:\/\/shannex.com\/wp-content\/uploads\/2023\/08\/Great-people-meaningful-work.png\" \/>\n\t<meta property=\"og:image:width\" content=\"911\" \/>\n\t<meta property=\"og:image:height\" content=\"718\" \/>\n\t<meta property=\"og:image:type\" content=\"image\/png\" \/>\n<meta name=\"author\" content=\"Laura Barrett\" \/>\n<meta name=\"twitter:card\" content=\"summary_large_image\" \/>\n<meta name=\"twitter:label1\" content=\"\u00c9crit par\" \/>\n\t<meta name=\"twitter:data1\" content=\"Laura Barrett\" \/>\n\t<meta name=\"twitter:label2\" content=\"Dur\u00e9e de lecture estim\u00e9e\" \/>\n\t<meta name=\"twitter:data2\" content=\"4 minutes\" \/>\n<script type=\"application\/ld+json\" class=\"yoast-schema-graph\">{\"@context\":\"https:\\\/\\\/schema.org\",\"@graph\":[{\"@type\":\"Article\",\"@id\":\"https:\\\/\\\/shannex.com\\\/fr\\\/rapport-a-la-communaute\\\/un-personnel-engage-2\\\/#article\",\"isPartOf\":{\"@id\":\"https:\\\/\\\/shannex.com\\\/fr\\\/rapport-a-la-communaute\\\/un-personnel-engage-2\\\/\"},\"author\":{\"name\":\"Laura Barrett\",\"@id\":\"https:\\\/\\\/shannex.com\\\/fr\\\/#\\\/schema\\\/person\\\/fa0061570ecca75146e79eb9b4630c13\"},\"headline\":\"Un personnel engag\u00e9\",\"datePublished\":\"2023-08-24T14:19:46+00:00\",\"dateModified\":\"2023-09-22T18:16:17+00:00\",\"mainEntityOfPage\":{\"@id\":\"https:\\\/\\\/shannex.com\\\/fr\\\/rapport-a-la-communaute\\\/un-personnel-engage-2\\\/\"},\"wordCount\":870,\"commentCount\":0,\"publisher\":{\"@id\":\"https:\\\/\\\/shannex.com\\\/fr\\\/#organization\"},\"image\":{\"@id\":\"https:\\\/\\\/shannex.com\\\/fr\\\/rapport-a-la-communaute\\\/un-personnel-engage-2\\\/#primaryimage\"},\"thumbnailUrl\":\"https:\\\/\\\/shannex.com\\\/wp-content\\\/uploads\\\/2023\\\/08\\\/Great-people-meaningful-work.png\",\"articleSection\":[\"Nouvelles et Annonces\",\"Rapport \u00e0 la Communaut\u00e9\",\"Rapport \u00e0 la communaut\u00e9 Exercice 2022-2023\"],\"inLanguage\":\"fr-FR\",\"potentialAction\":[{\"@type\":\"CommentAction\",\"name\":\"Comment\",\"target\":[\"https:\\\/\\\/shannex.com\\\/fr\\\/rapport-a-la-communaute\\\/un-personnel-engage-2\\\/#respond\"]}]},{\"@type\":\"WebPage\",\"@id\":\"https:\\\/\\\/shannex.com\\\/fr\\\/rapport-a-la-communaute\\\/un-personnel-engage-2\\\/\",\"url\":\"https:\\\/\\\/shannex.com\\\/fr\\\/rapport-a-la-communaute\\\/un-personnel-engage-2\\\/\",\"name\":\"Un personnel engag\u00e9\",\"isPartOf\":{\"@id\":\"https:\\\/\\\/shannex.com\\\/fr\\\/#website\"},\"primaryImageOfPage\":{\"@id\":\"https:\\\/\\\/shannex.com\\\/fr\\\/rapport-a-la-communaute\\\/un-personnel-engage-2\\\/#primaryimage\"},\"image\":{\"@id\":\"https:\\\/\\\/shannex.com\\\/fr\\\/rapport-a-la-communaute\\\/un-personnel-engage-2\\\/#primaryimage\"},\"thumbnailUrl\":\"https:\\\/\\\/shannex.com\\\/wp-content\\\/uploads\\\/2023\\\/08\\\/Great-people-meaningful-work.png\",\"datePublished\":\"2023-08-24T14:19:46+00:00\",\"dateModified\":\"2023-09-22T18:16:17+00:00\",\"inLanguage\":\"fr-FR\",\"potentialAction\":[{\"@type\":\"ReadAction\",\"target\":[\"https:\\\/\\\/shannex.com\\\/fr\\\/rapport-a-la-communaute\\\/un-personnel-engage-2\\\/\"]}]},{\"@type\":\"ImageObject\",\"inLanguage\":\"fr-FR\",\"@id\":\"https:\\\/\\\/shannex.com\\\/fr\\\/rapport-a-la-communaute\\\/un-personnel-engage-2\\\/#primaryimage\",\"url\":\"https:\\\/\\\/shannex.com\\\/wp-content\\\/uploads\\\/2023\\\/08\\\/Great-people-meaningful-work.png\",\"contentUrl\":\"https:\\\/\\\/shannex.com\\\/wp-content\\\/uploads\\\/2023\\\/08\\\/Great-people-meaningful-work.png\",\"width\":911,\"height\":718},{\"@type\":\"WebSite\",\"@id\":\"https:\\\/\\\/shannex.com\\\/fr\\\/#website\",\"url\":\"https:\\\/\\\/shannex.com\\\/fr\\\/\",\"name\":\"Shannex\",\"description\":\"\",\"publisher\":{\"@id\":\"https:\\\/\\\/shannex.com\\\/fr\\\/#organization\"},\"potentialAction\":[{\"@type\":\"SearchAction\",\"target\":{\"@type\":\"EntryPoint\",\"urlTemplate\":\"https:\\\/\\\/shannex.com\\\/fr\\\/?s={search_term_string}\"},\"query-input\":{\"@type\":\"PropertyValueSpecification\",\"valueRequired\":true,\"valueName\":\"search_term_string\"}}],\"inLanguage\":\"fr-FR\"},{\"@type\":\"Organization\",\"@id\":\"https:\\\/\\\/shannex.com\\\/fr\\\/#organization\",\"name\":\"Shannex\",\"url\":\"https:\\\/\\\/shannex.com\\\/fr\\\/\",\"logo\":{\"@type\":\"ImageObject\",\"inLanguage\":\"fr-FR\",\"@id\":\"https:\\\/\\\/shannex.com\\\/fr\\\/#\\\/schema\\\/logo\\\/image\\\/\",\"url\":\"https:\\\/\\\/shannex.com\\\/wp-content\\\/uploads\\\/2022\\\/01\\\/shannex-logo.svg\",\"contentUrl\":\"https:\\\/\\\/shannex.com\\\/wp-content\\\/uploads\\\/2022\\\/01\\\/shannex-logo.svg\",\"width\":486,\"height\":91,\"caption\":\"Shannex\"},\"image\":{\"@id\":\"https:\\\/\\\/shannex.com\\\/fr\\\/#\\\/schema\\\/logo\\\/image\\\/\"}},{\"@type\":\"Person\",\"@id\":\"https:\\\/\\\/shannex.com\\\/fr\\\/#\\\/schema\\\/person\\\/fa0061570ecca75146e79eb9b4630c13\",\"name\":\"Laura Barrett\",\"image\":{\"@type\":\"ImageObject\",\"inLanguage\":\"fr-FR\",\"@id\":\"https:\\\/\\\/secure.gravatar.com\\\/avatar\\\/cfe0f81fc63a0573a693051ed9fd769a206229cd515378fbbe28c598c87b4859?s=96&d=mm&r=g\",\"url\":\"https:\\\/\\\/secure.gravatar.com\\\/avatar\\\/cfe0f81fc63a0573a693051ed9fd769a206229cd515378fbbe28c598c87b4859?s=96&d=mm&r=g\",\"contentUrl\":\"https:\\\/\\\/secure.gravatar.com\\\/avatar\\\/cfe0f81fc63a0573a693051ed9fd769a206229cd515378fbbe28c598c87b4859?s=96&d=mm&r=g\",\"caption\":\"Laura Barrett\"},\"url\":\"https:\\\/\\\/shannex.com\\\/fr\\\/author\\\/laura\\\/\"}]}<\/script>\n<!-- \/ Yoast SEO plugin. -->","yoast_head_json":{"title":"Un personnel engag\u00e9","robots":{"index":"index","follow":"follow","max-snippet":"max-snippet:-1","max-image-preview":"max-image-preview:large","max-video-preview":"max-video-preview:-1"},"canonical":"https:\/\/shannex.com\/fr\/rapport-a-la-communaute\/un-personnel-engage-2\/","og_locale":"fr_FR","og_type":"article","og_title":"Un personnel engag\u00e9","og_description":"Engager les membres de notre \u00e9quipe et \u00eatre l\u2019employeur de [&hellip;]","og_url":"https:\/\/shannex.com\/fr\/rapport-a-la-communaute\/un-personnel-engage-2\/","og_site_name":"Shannex","article_published_time":"2023-08-24T14:19:46+00:00","article_modified_time":"2023-09-22T18:16:17+00:00","og_image":[{"width":911,"height":718,"url":"https:\/\/shannex.com\/wp-content\/uploads\/2023\/08\/Great-people-meaningful-work.png","type":"image\/png"}],"author":"Laura Barrett","twitter_card":"summary_large_image","twitter_misc":{"\u00c9crit par":"Laura Barrett","Dur\u00e9e de lecture estim\u00e9e":"4 minutes"},"schema":{"@context":"https:\/\/schema.org","@graph":[{"@type":"Article","@id":"https:\/\/shannex.com\/fr\/rapport-a-la-communaute\/un-personnel-engage-2\/#article","isPartOf":{"@id":"https:\/\/shannex.com\/fr\/rapport-a-la-communaute\/un-personnel-engage-2\/"},"author":{"name":"Laura Barrett","@id":"https:\/\/shannex.com\/fr\/#\/schema\/person\/fa0061570ecca75146e79eb9b4630c13"},"headline":"Un personnel engag\u00e9","datePublished":"2023-08-24T14:19:46+00:00","dateModified":"2023-09-22T18:16:17+00:00","mainEntityOfPage":{"@id":"https:\/\/shannex.com\/fr\/rapport-a-la-communaute\/un-personnel-engage-2\/"},"wordCount":870,"commentCount":0,"publisher":{"@id":"https:\/\/shannex.com\/fr\/#organization"},"image":{"@id":"https:\/\/shannex.com\/fr\/rapport-a-la-communaute\/un-personnel-engage-2\/#primaryimage"},"thumbnailUrl":"https:\/\/shannex.com\/wp-content\/uploads\/2023\/08\/Great-people-meaningful-work.png","articleSection":["Nouvelles et Annonces","Rapport \u00e0 la Communaut\u00e9","Rapport \u00e0 la communaut\u00e9 Exercice 2022-2023"],"inLanguage":"fr-FR","potentialAction":[{"@type":"CommentAction","name":"Comment","target":["https:\/\/shannex.com\/fr\/rapport-a-la-communaute\/un-personnel-engage-2\/#respond"]}]},{"@type":"WebPage","@id":"https:\/\/shannex.com\/fr\/rapport-a-la-communaute\/un-personnel-engage-2\/","url":"https:\/\/shannex.com\/fr\/rapport-a-la-communaute\/un-personnel-engage-2\/","name":"Un personnel engag\u00e9","isPartOf":{"@id":"https:\/\/shannex.com\/fr\/#website"},"primaryImageOfPage":{"@id":"https:\/\/shannex.com\/fr\/rapport-a-la-communaute\/un-personnel-engage-2\/#primaryimage"},"image":{"@id":"https:\/\/shannex.com\/fr\/rapport-a-la-communaute\/un-personnel-engage-2\/#primaryimage"},"thumbnailUrl":"https:\/\/shannex.com\/wp-content\/uploads\/2023\/08\/Great-people-meaningful-work.png","datePublished":"2023-08-24T14:19:46+00:00","dateModified":"2023-09-22T18:16:17+00:00","inLanguage":"fr-FR","potentialAction":[{"@type":"ReadAction","target":["https:\/\/shannex.com\/fr\/rapport-a-la-communaute\/un-personnel-engage-2\/"]}]},{"@type":"ImageObject","inLanguage":"fr-FR","@id":"https:\/\/shannex.com\/fr\/rapport-a-la-communaute\/un-personnel-engage-2\/#primaryimage","url":"https:\/\/shannex.com\/wp-content\/uploads\/2023\/08\/Great-people-meaningful-work.png","contentUrl":"https:\/\/shannex.com\/wp-content\/uploads\/2023\/08\/Great-people-meaningful-work.png","width":911,"height":718},{"@type":"WebSite","@id":"https:\/\/shannex.com\/fr\/#website","url":"https:\/\/shannex.com\/fr\/","name":"Shannex","description":"","publisher":{"@id":"https:\/\/shannex.com\/fr\/#organization"},"potentialAction":[{"@type":"SearchAction","target":{"@type":"EntryPoint","urlTemplate":"https:\/\/shannex.com\/fr\/?s={search_term_string}"},"query-input":{"@type":"PropertyValueSpecification","valueRequired":true,"valueName":"search_term_string"}}],"inLanguage":"fr-FR"},{"@type":"Organization","@id":"https:\/\/shannex.com\/fr\/#organization","name":"Shannex","url":"https:\/\/shannex.com\/fr\/","logo":{"@type":"ImageObject","inLanguage":"fr-FR","@id":"https:\/\/shannex.com\/fr\/#\/schema\/logo\/image\/","url":"https:\/\/shannex.com\/wp-content\/uploads\/2022\/01\/shannex-logo.svg","contentUrl":"https:\/\/shannex.com\/wp-content\/uploads\/2022\/01\/shannex-logo.svg","width":486,"height":91,"caption":"Shannex"},"image":{"@id":"https:\/\/shannex.com\/fr\/#\/schema\/logo\/image\/"}},{"@type":"Person","@id":"https:\/\/shannex.com\/fr\/#\/schema\/person\/fa0061570ecca75146e79eb9b4630c13","name":"Laura Barrett","image":{"@type":"ImageObject","inLanguage":"fr-FR","@id":"https:\/\/secure.gravatar.com\/avatar\/cfe0f81fc63a0573a693051ed9fd769a206229cd515378fbbe28c598c87b4859?s=96&d=mm&r=g","url":"https:\/\/secure.gravatar.com\/avatar\/cfe0f81fc63a0573a693051ed9fd769a206229cd515378fbbe28c598c87b4859?s=96&d=mm&r=g","contentUrl":"https:\/\/secure.gravatar.com\/avatar\/cfe0f81fc63a0573a693051ed9fd769a206229cd515378fbbe28c598c87b4859?s=96&d=mm&r=g","caption":"Laura Barrett"},"url":"https:\/\/shannex.com\/fr\/author\/laura\/"}]}},"_links":{"self":[{"href":"https:\/\/shannex.com\/fr\/wp-json\/wp\/v2\/posts\/18812","targetHints":{"allow":["GET"]}}],"collection":[{"href":"https:\/\/shannex.com\/fr\/wp-json\/wp\/v2\/posts"}],"about":[{"href":"https:\/\/shannex.com\/fr\/wp-json\/wp\/v2\/types\/post"}],"author":[{"embeddable":true,"href":"https:\/\/shannex.com\/fr\/wp-json\/wp\/v2\/users\/24"}],"replies":[{"embeddable":true,"href":"https:\/\/shannex.com\/fr\/wp-json\/wp\/v2\/comments?post=18812"}],"version-history":[{"count":0,"href":"https:\/\/shannex.com\/fr\/wp-json\/wp\/v2\/posts\/18812\/revisions"}],"wp:featuredmedia":[{"embeddable":true,"href":"https:\/\/shannex.com\/fr\/wp-json\/wp\/v2\/media\/16429"}],"wp:attachment":[{"href":"https:\/\/shannex.com\/fr\/wp-json\/wp\/v2\/media?parent=18812"}],"wp:term":[{"taxonomy":"category","embeddable":true,"href":"https:\/\/shannex.com\/fr\/wp-json\/wp\/v2\/categories?post=18812"},{"taxonomy":"post_tag","embeddable":true,"href":"https:\/\/shannex.com\/fr\/wp-json\/wp\/v2\/tags?post=18812"}],"curies":[{"name":"wp","href":"https:\/\/api.w.org\/{rel}","templated":true}]}}