{"id":20271,"date":"2023-11-09T14:25:00","date_gmt":"2023-11-09T18:25:00","guid":{"rendered":"https:\/\/shannex.com\/?p=20271"},"modified":"2023-11-20T15:38:47","modified_gmt":"2023-11-20T19:38:47","slug":"national-tree-day","status":"publish","type":"post","link":"https:\/\/shannex.com\/fr\/connections-magazine\/fall-2023\/national-tree-day\/","title":{"rendered":"National Tree Day"},"content":{"rendered":"\n<div style=\"height:44px\" aria-hidden=\"true\" class=\"wp-block-spacer\"><\/div>\n\n\n\n<div class=\"wp-block-columns is-layout-flex wp-container-core-columns-is-layout-28f84493 wp-block-columns-is-layout-flex\">\n<div class=\"wp-block-column is-layout-flow wp-block-column-is-layout-flow\" style=\"flex-basis:33.33%\">\n<h3 class=\"wp-block-heading has-text-align-left has-dark-blue-color has-text-color\">In celebration of Nation Tree Day, September 20th, our Green Teams mobilized to plant trees and celebrate our commitment to protecting and maintaining the environment.<\/h3>\n\n\n\n<div style=\"height:72px\" aria-hidden=\"true\" class=\"wp-block-spacer\"><\/div>\n\n\n\n<hr class=\"wp-block-separator has-alpha-channel-opacity\"\/>\n\n\n\n<p>Learn how Shannex is committed to protecting the environment with an action plan that transforms the way we prioritize sustainability. <br><br>Strategic Direction: <a href=\"https:\/\/shannex.com\/strategicplan\/#Environmental-Stewardship\">Environmental Stewardship <\/a><\/p>\n<\/div>\n\n\n\n<div class=\"wp-block-column is-layout-flow wp-block-column-is-layout-flow\" style=\"flex-basis:66.66%\">\n<figure class=\"wp-block-image size-large\"><img decoding=\"async\" width=\"1418\" height=\"1418\" src=\"https:\/\/shannex.com\/wp-content\/uploads\/2023\/11\/Tree-Day-edited-3.jpeg\" alt=\"\" class=\"wp-image-20816\" srcset=\"https:\/\/shannex.com\/wp-content\/uploads\/2023\/11\/Tree-Day-edited-3.jpeg 1418w, https:\/\/shannex.com\/wp-content\/uploads\/2023\/11\/Tree-Day-edited-3-300x300.jpeg 300w, https:\/\/shannex.com\/wp-content\/uploads\/2023\/11\/Tree-Day-edited-3-1024x1024.jpeg 1024w, https:\/\/shannex.com\/wp-content\/uploads\/2023\/11\/Tree-Day-edited-3-150x150.jpeg 150w, https:\/\/shannex.com\/wp-content\/uploads\/2023\/11\/Tree-Day-edited-3-768x768.jpeg 768w\" sizes=\"(max-width: 1418px) 100vw, 1418px\" \/><figcaption class=\"wp-element-caption\"><em>Parkland on Eglinton West, ON, residents Beth Smith and Dawn MacDonald with Recreation Coordinator Emilie Grigoli, Recreation Manager Jessica Caserta and Sustainability Manager Anna Volc<\/em><\/figcaption><\/figure>\n<\/div>\n<\/div>\n","protected":false},"excerpt":{"rendered":"<p>In celebration of Nation Tree Day, September 20th, our Green [&hellip;]<\/p>\n","protected":false},"author":24,"featured_media":20512,"comment_status":"open","ping_status":"open","sticky":false,"template":"","format":"standard","meta":{"_acf_changed":false,"inline_featured_image":false,"footnotes":""},"categories":[111,13],"tags":[],"class_list":["post-20271","post","type-post","status-publish","format-standard","has-post-thumbnail","hentry","category-fall-2023","category-connections-magazine"],"acf":[],"yoast_head":"<!-- This site is optimized with the Yoast SEO plugin v27.3 - https:\/\/yoast.com\/product\/yoast-seo-wordpress\/ -->\n<title>National Tree Day<\/title>\n<meta name=\"robots\" content=\"index, follow, max-snippet:-1, max-image-preview:large, max-video-preview:-1\" \/>\n<link rel=\"canonical\" href=\"https:\/\/shannex.com\/fr\/connections-magazine\/fall-2023\/national-tree-day\/\" \/>\n<meta property=\"og:locale\" content=\"fr_FR\" \/>\n<meta property=\"og:type\" content=\"article\" \/>\n<meta property=\"og:title\" content=\"National Tree Day\" \/>\n<meta property=\"og:description\" content=\"In celebration of Nation Tree Day, September 20th, our Green [&hellip;]\" \/>\n<meta property=\"og:url\" content=\"https:\/\/shannex.com\/fr\/connections-magazine\/fall-2023\/national-tree-day\/\" \/>\n<meta property=\"og:site_name\" content=\"Shannex\" \/>\n<meta property=\"article:published_time\" content=\"2023-11-09T18:25:00+00:00\" \/>\n<meta property=\"article:modified_time\" content=\"2023-11-20T19:38:47+00:00\" \/>\n<meta property=\"og:image\" content=\"https:\/\/shannex.com\/wp-content\/uploads\/2023\/11\/Tree-Day-edited-1.jpeg\" \/>\n\t<meta property=\"og:image:width\" content=\"2520\" \/>\n\t<meta property=\"og:image:height\" content=\"2520\" \/>\n\t<meta property=\"og:image:type\" content=\"image\/jpeg\" \/>\n<meta name=\"author\" content=\"Laura Barrett\" \/>\n<meta name=\"twitter:card\" content=\"summary_large_image\" \/>\n<meta name=\"twitter:label1\" content=\"\u00c9crit par\" \/>\n\t<meta name=\"twitter:data1\" content=\"Laura Barrett\" \/>\n\t<meta name=\"twitter:label2\" content=\"Dur\u00e9e de lecture estim\u00e9e\" \/>\n\t<meta name=\"twitter:data2\" content=\"1 minute\" \/>\n<script type=\"application\/ld+json\" class=\"yoast-schema-graph\">{\"@context\":\"https:\\\/\\\/schema.org\",\"@graph\":[{\"@type\":\"Article\",\"@id\":\"https:\\\/\\\/shannex.com\\\/fr\\\/connections-magazine\\\/fall-2023\\\/national-tree-day\\\/#article\",\"isPartOf\":{\"@id\":\"https:\\\/\\\/shannex.com\\\/fr\\\/connections-magazine\\\/fall-2023\\\/national-tree-day\\\/\"},\"author\":{\"name\":\"Laura Barrett\",\"@id\":\"https:\\\/\\\/shannex.com\\\/fr\\\/#\\\/schema\\\/person\\\/fa0061570ecca75146e79eb9b4630c13\"},\"headline\":\"National Tree Day\",\"datePublished\":\"2023-11-09T18:25:00+00:00\",\"dateModified\":\"2023-11-20T19:38:47+00:00\",\"mainEntityOfPage\":{\"@id\":\"https:\\\/\\\/shannex.com\\\/fr\\\/connections-magazine\\\/fall-2023\\\/national-tree-day\\\/\"},\"wordCount\":77,\"commentCount\":0,\"publisher\":{\"@id\":\"https:\\\/\\\/shannex.com\\\/fr\\\/#organization\"},\"image\":{\"@id\":\"https:\\\/\\\/shannex.com\\\/fr\\\/connections-magazine\\\/fall-2023\\\/national-tree-day\\\/#primaryimage\"},\"thumbnailUrl\":\"https:\\\/\\\/shannex.com\\\/wp-content\\\/uploads\\\/2023\\\/11\\\/Tree-Day-edited-1.jpeg\",\"articleSection\":[\"Fall 2023\",\"Connections Magazine\"],\"inLanguage\":\"fr-FR\",\"potentialAction\":[{\"@type\":\"CommentAction\",\"name\":\"Comment\",\"target\":[\"https:\\\/\\\/shannex.com\\\/fr\\\/connections-magazine\\\/fall-2023\\\/national-tree-day\\\/#respond\"]}]},{\"@type\":\"WebPage\",\"@id\":\"https:\\\/\\\/shannex.com\\\/fr\\\/connections-magazine\\\/fall-2023\\\/national-tree-day\\\/\",\"url\":\"https:\\\/\\\/shannex.com\\\/fr\\\/connections-magazine\\\/fall-2023\\\/national-tree-day\\\/\",\"name\":\"National Tree Day\",\"isPartOf\":{\"@id\":\"https:\\\/\\\/shannex.com\\\/fr\\\/#website\"},\"primaryImageOfPage\":{\"@id\":\"https:\\\/\\\/shannex.com\\\/fr\\\/connections-magazine\\\/fall-2023\\\/national-tree-day\\\/#primaryimage\"},\"image\":{\"@id\":\"https:\\\/\\\/shannex.com\\\/fr\\\/connections-magazine\\\/fall-2023\\\/national-tree-day\\\/#primaryimage\"},\"thumbnailUrl\":\"https:\\\/\\\/shannex.com\\\/wp-content\\\/uploads\\\/2023\\\/11\\\/Tree-Day-edited-1.jpeg\",\"datePublished\":\"2023-11-09T18:25:00+00:00\",\"dateModified\":\"2023-11-20T19:38:47+00:00\",\"inLanguage\":\"fr-FR\",\"potentialAction\":[{\"@type\":\"ReadAction\",\"target\":[\"https:\\\/\\\/shannex.com\\\/fr\\\/connections-magazine\\\/fall-2023\\\/national-tree-day\\\/\"]}]},{\"@type\":\"ImageObject\",\"inLanguage\":\"fr-FR\",\"@id\":\"https:\\\/\\\/shannex.com\\\/fr\\\/connections-magazine\\\/fall-2023\\\/national-tree-day\\\/#primaryimage\",\"url\":\"https:\\\/\\\/shannex.com\\\/wp-content\\\/uploads\\\/2023\\\/11\\\/Tree-Day-edited-1.jpeg\",\"contentUrl\":\"https:\\\/\\\/shannex.com\\\/wp-content\\\/uploads\\\/2023\\\/11\\\/Tree-Day-edited-1.jpeg\",\"width\":2520,\"height\":2520},{\"@type\":\"WebSite\",\"@id\":\"https:\\\/\\\/shannex.com\\\/fr\\\/#website\",\"url\":\"https:\\\/\\\/shannex.com\\\/fr\\\/\",\"name\":\"Shannex\",\"description\":\"\",\"publisher\":{\"@id\":\"https:\\\/\\\/shannex.com\\\/fr\\\/#organization\"},\"potentialAction\":[{\"@type\":\"SearchAction\",\"target\":{\"@type\":\"EntryPoint\",\"urlTemplate\":\"https:\\\/\\\/shannex.com\\\/fr\\\/?s={search_term_string}\"},\"query-input\":{\"@type\":\"PropertyValueSpecification\",\"valueRequired\":true,\"valueName\":\"search_term_string\"}}],\"inLanguage\":\"fr-FR\"},{\"@type\":\"Organization\",\"@id\":\"https:\\\/\\\/shannex.com\\\/fr\\\/#organization\",\"name\":\"Shannex\",\"url\":\"https:\\\/\\\/shannex.com\\\/fr\\\/\",\"logo\":{\"@type\":\"ImageObject\",\"inLanguage\":\"fr-FR\",\"@id\":\"https:\\\/\\\/shannex.com\\\/fr\\\/#\\\/schema\\\/logo\\\/image\\\/\",\"url\":\"https:\\\/\\\/shannex.com\\\/wp-content\\\/uploads\\\/2022\\\/01\\\/shannex-logo.svg\",\"contentUrl\":\"https:\\\/\\\/shannex.com\\\/wp-content\\\/uploads\\\/2022\\\/01\\\/shannex-logo.svg\",\"width\":486,\"height\":91,\"caption\":\"Shannex\"},\"image\":{\"@id\":\"https:\\\/\\\/shannex.com\\\/fr\\\/#\\\/schema\\\/logo\\\/image\\\/\"}},{\"@type\":\"Person\",\"@id\":\"https:\\\/\\\/shannex.com\\\/fr\\\/#\\\/schema\\\/person\\\/fa0061570ecca75146e79eb9b4630c13\",\"name\":\"Laura Barrett\",\"image\":{\"@type\":\"ImageObject\",\"inLanguage\":\"fr-FR\",\"@id\":\"https:\\\/\\\/secure.gravatar.com\\\/avatar\\\/cfe0f81fc63a0573a693051ed9fd769a206229cd515378fbbe28c598c87b4859?s=96&d=mm&r=g\",\"url\":\"https:\\\/\\\/secure.gravatar.com\\\/avatar\\\/cfe0f81fc63a0573a693051ed9fd769a206229cd515378fbbe28c598c87b4859?s=96&d=mm&r=g\",\"contentUrl\":\"https:\\\/\\\/secure.gravatar.com\\\/avatar\\\/cfe0f81fc63a0573a693051ed9fd769a206229cd515378fbbe28c598c87b4859?s=96&d=mm&r=g\",\"caption\":\"Laura Barrett\"},\"url\":\"https:\\\/\\\/shannex.com\\\/fr\\\/author\\\/laura\\\/\"}]}<\/script>\n<!-- \/ Yoast SEO plugin. -->","yoast_head_json":{"title":"National Tree Day","robots":{"index":"index","follow":"follow","max-snippet":"max-snippet:-1","max-image-preview":"max-image-preview:large","max-video-preview":"max-video-preview:-1"},"canonical":"https:\/\/shannex.com\/fr\/connections-magazine\/fall-2023\/national-tree-day\/","og_locale":"fr_FR","og_type":"article","og_title":"National Tree Day","og_description":"In celebration of Nation Tree Day, September 20th, our Green [&hellip;]","og_url":"https:\/\/shannex.com\/fr\/connections-magazine\/fall-2023\/national-tree-day\/","og_site_name":"Shannex","article_published_time":"2023-11-09T18:25:00+00:00","article_modified_time":"2023-11-20T19:38:47+00:00","og_image":[{"width":2520,"height":2520,"url":"https:\/\/shannex.com\/wp-content\/uploads\/2023\/11\/Tree-Day-edited-1.jpeg","type":"image\/jpeg"}],"author":"Laura Barrett","twitter_card":"summary_large_image","twitter_misc":{"\u00c9crit par":"Laura Barrett","Dur\u00e9e de lecture estim\u00e9e":"1 minute"},"schema":{"@context":"https:\/\/schema.org","@graph":[{"@type":"Article","@id":"https:\/\/shannex.com\/fr\/connections-magazine\/fall-2023\/national-tree-day\/#article","isPartOf":{"@id":"https:\/\/shannex.com\/fr\/connections-magazine\/fall-2023\/national-tree-day\/"},"author":{"name":"Laura Barrett","@id":"https:\/\/shannex.com\/fr\/#\/schema\/person\/fa0061570ecca75146e79eb9b4630c13"},"headline":"National Tree Day","datePublished":"2023-11-09T18:25:00+00:00","dateModified":"2023-11-20T19:38:47+00:00","mainEntityOfPage":{"@id":"https:\/\/shannex.com\/fr\/connections-magazine\/fall-2023\/national-tree-day\/"},"wordCount":77,"commentCount":0,"publisher":{"@id":"https:\/\/shannex.com\/fr\/#organization"},"image":{"@id":"https:\/\/shannex.com\/fr\/connections-magazine\/fall-2023\/national-tree-day\/#primaryimage"},"thumbnailUrl":"https:\/\/shannex.com\/wp-content\/uploads\/2023\/11\/Tree-Day-edited-1.jpeg","articleSection":["Fall 2023","Connections Magazine"],"inLanguage":"fr-FR","potentialAction":[{"@type":"CommentAction","name":"Comment","target":["https:\/\/shannex.com\/fr\/connections-magazine\/fall-2023\/national-tree-day\/#respond"]}]},{"@type":"WebPage","@id":"https:\/\/shannex.com\/fr\/connections-magazine\/fall-2023\/national-tree-day\/","url":"https:\/\/shannex.com\/fr\/connections-magazine\/fall-2023\/national-tree-day\/","name":"National Tree Day","isPartOf":{"@id":"https:\/\/shannex.com\/fr\/#website"},"primaryImageOfPage":{"@id":"https:\/\/shannex.com\/fr\/connections-magazine\/fall-2023\/national-tree-day\/#primaryimage"},"image":{"@id":"https:\/\/shannex.com\/fr\/connections-magazine\/fall-2023\/national-tree-day\/#primaryimage"},"thumbnailUrl":"https:\/\/shannex.com\/wp-content\/uploads\/2023\/11\/Tree-Day-edited-1.jpeg","datePublished":"2023-11-09T18:25:00+00:00","dateModified":"2023-11-20T19:38:47+00:00","inLanguage":"fr-FR","potentialAction":[{"@type":"ReadAction","target":["https:\/\/shannex.com\/fr\/connections-magazine\/fall-2023\/national-tree-day\/"]}]},{"@type":"ImageObject","inLanguage":"fr-FR","@id":"https:\/\/shannex.com\/fr\/connections-magazine\/fall-2023\/national-tree-day\/#primaryimage","url":"https:\/\/shannex.com\/wp-content\/uploads\/2023\/11\/Tree-Day-edited-1.jpeg","contentUrl":"https:\/\/shannex.com\/wp-content\/uploads\/2023\/11\/Tree-Day-edited-1.jpeg","width":2520,"height":2520},{"@type":"WebSite","@id":"https:\/\/shannex.com\/fr\/#website","url":"https:\/\/shannex.com\/fr\/","name":"Shannex","description":"","publisher":{"@id":"https:\/\/shannex.com\/fr\/#organization"},"potentialAction":[{"@type":"SearchAction","target":{"@type":"EntryPoint","urlTemplate":"https:\/\/shannex.com\/fr\/?s={search_term_string}"},"query-input":{"@type":"PropertyValueSpecification","valueRequired":true,"valueName":"search_term_string"}}],"inLanguage":"fr-FR"},{"@type":"Organization","@id":"https:\/\/shannex.com\/fr\/#organization","name":"Shannex","url":"https:\/\/shannex.com\/fr\/","logo":{"@type":"ImageObject","inLanguage":"fr-FR","@id":"https:\/\/shannex.com\/fr\/#\/schema\/logo\/image\/","url":"https:\/\/shannex.com\/wp-content\/uploads\/2022\/01\/shannex-logo.svg","contentUrl":"https:\/\/shannex.com\/wp-content\/uploads\/2022\/01\/shannex-logo.svg","width":486,"height":91,"caption":"Shannex"},"image":{"@id":"https:\/\/shannex.com\/fr\/#\/schema\/logo\/image\/"}},{"@type":"Person","@id":"https:\/\/shannex.com\/fr\/#\/schema\/person\/fa0061570ecca75146e79eb9b4630c13","name":"Laura Barrett","image":{"@type":"ImageObject","inLanguage":"fr-FR","@id":"https:\/\/secure.gravatar.com\/avatar\/cfe0f81fc63a0573a693051ed9fd769a206229cd515378fbbe28c598c87b4859?s=96&d=mm&r=g","url":"https:\/\/secure.gravatar.com\/avatar\/cfe0f81fc63a0573a693051ed9fd769a206229cd515378fbbe28c598c87b4859?s=96&d=mm&r=g","contentUrl":"https:\/\/secure.gravatar.com\/avatar\/cfe0f81fc63a0573a693051ed9fd769a206229cd515378fbbe28c598c87b4859?s=96&d=mm&r=g","caption":"Laura Barrett"},"url":"https:\/\/shannex.com\/fr\/author\/laura\/"}]}},"_links":{"self":[{"href":"https:\/\/shannex.com\/fr\/wp-json\/wp\/v2\/posts\/20271","targetHints":{"allow":["GET"]}}],"collection":[{"href":"https:\/\/shannex.com\/fr\/wp-json\/wp\/v2\/posts"}],"about":[{"href":"https:\/\/shannex.com\/fr\/wp-json\/wp\/v2\/types\/post"}],"author":[{"embeddable":true,"href":"https:\/\/shannex.com\/fr\/wp-json\/wp\/v2\/users\/24"}],"replies":[{"embeddable":true,"href":"https:\/\/shannex.com\/fr\/wp-json\/wp\/v2\/comments?post=20271"}],"version-history":[{"count":0,"href":"https:\/\/shannex.com\/fr\/wp-json\/wp\/v2\/posts\/20271\/revisions"}],"wp:featuredmedia":[{"embeddable":true,"href":"https:\/\/shannex.com\/fr\/wp-json\/wp\/v2\/media\/20512"}],"wp:attachment":[{"href":"https:\/\/shannex.com\/fr\/wp-json\/wp\/v2\/media?parent=20271"}],"wp:term":[{"taxonomy":"category","embeddable":true,"href":"https:\/\/shannex.com\/fr\/wp-json\/wp\/v2\/categories?post=20271"},{"taxonomy":"post_tag","embeddable":true,"href":"https:\/\/shannex.com\/fr\/wp-json\/wp\/v2\/tags?post=20271"}],"curies":[{"name":"wp","href":"https:\/\/api.w.org\/{rel}","templated":true}]}}