{"id":24445,"date":"2024-07-22T12:10:32","date_gmt":"2024-07-22T16:10:32","guid":{"rendered":"https:\/\/shannex.com\/?p=24445"},"modified":"2024-07-25T08:48:31","modified_gmt":"2024-07-25T12:48:31","slug":"the-power-of-pride-ryan-hall","status":"publish","type":"post","link":"https:\/\/shannex.com\/fr\/connections-magazine\/summer-connections\/the-power-of-pride-ryan-hall\/","title":{"rendered":"The Power of Pride | Ryan Hall"},"content":{"rendered":"\n<div class=\"wp-block-columns is-layout-flex wp-container-core-columns-is-layout-28f84493 wp-block-columns-is-layout-flex\">\n<div class=\"wp-block-column is-layout-flow wp-block-column-is-layout-flow\">\n<div style=\"height:30px\" aria-hidden=\"true\" class=\"wp-block-spacer\"><\/div>\n<\/div>\n<\/div>\n\n\n\n<div class=\"wp-block-columns is-layout-flex wp-container-core-columns-is-layout-28f84493 wp-block-columns-is-layout-flex\">\n<div class=\"wp-block-column is-layout-flow wp-block-column-is-layout-flow\" style=\"flex-basis:25%\"><\/div>\n\n\n\n<div class=\"wp-block-column is-layout-flow wp-block-column-is-layout-flow\" style=\"flex-basis:50%\">\n<p class=\"has-medium-font-size\">June is Pride Month and marks the start of Pride season in many of our East Coast communities. It is a time to celebrate the 2SLGBTQIA+ community and come together to champion love, diversity, and equality. More than just a celebration, Pride is a call to action for 2SLGBTQIA+ rights worldwide.<\/p>\n\n\n\n<p class=\"has-medium-font-size\"><a href=\"https:\/\/shannex.com\/location\/ryan-hall\/\">Ryan Hall<\/a>, in Bridgewater, N.S. shows its pride with their Pride flag which stands for their united support and allyship. Our learning journey is supported by our Diversity and Inclusion Advisory Committee, a group actively engaged in directing our next steps towards cultivating a more inclusive workplace culture. If you&#8217;d like to become part of this group, contact jmizzi@shannex.com.<\/p>\n<\/div>\n\n\n\n<div class=\"wp-block-column is-layout-flow wp-block-column-is-layout-flow\" style=\"flex-basis:25%\"><\/div>\n<\/div>\n\n\n\n<figure class=\"wp-block-gallery has-nested-images columns-default is-cropped wp-block-gallery-1 is-layout-flex wp-block-gallery-is-layout-flex\">\n<figure class=\"wp-block-image size-large\"><img decoding=\"async\" width=\"1024\" height=\"768\" data-id=\"24446\" src=\"https:\/\/shannex.com\/wp-content\/uploads\/2024\/07\/Ryan-Hall_Pride-1024x768.jpg\" alt=\"\" class=\"wp-image-24446\" srcset=\"https:\/\/shannex.com\/wp-content\/uploads\/2024\/07\/Ryan-Hall_Pride-1024x768.jpg 1024w, https:\/\/shannex.com\/wp-content\/uploads\/2024\/07\/Ryan-Hall_Pride-300x225.jpg 300w, https:\/\/shannex.com\/wp-content\/uploads\/2024\/07\/Ryan-Hall_Pride-768x576.jpg 768w, https:\/\/shannex.com\/wp-content\/uploads\/2024\/07\/Ryan-Hall_Pride-1536x1152.jpg 1536w, https:\/\/shannex.com\/wp-content\/uploads\/2024\/07\/Ryan-Hall_Pride-2048x1536.jpg 2048w\" sizes=\"(max-width: 1024px) 100vw, 1024px\" \/><figcaption class=\"wp-element-caption\"><em>Cathy Stewart, Kim Clattenburg, Lisa Uhlman, Krista Vaughan, Lisa Golden, Sherry Laird and Kayla Poole<\/em><\/figcaption><\/figure>\n\n\n\n<figure class=\"wp-block-image size-large\"><img decoding=\"async\" width=\"768\" height=\"1024\" data-id=\"24448\" src=\"https:\/\/shannex.com\/wp-content\/uploads\/2024\/07\/Parkland-Truro_Pride-768x1024.jpeg\" alt=\"\" class=\"wp-image-24448\" srcset=\"https:\/\/shannex.com\/wp-content\/uploads\/2024\/07\/Parkland-Truro_Pride-768x1024.jpeg 768w, https:\/\/shannex.com\/wp-content\/uploads\/2024\/07\/Parkland-Truro_Pride-225x300.jpeg 225w, https:\/\/shannex.com\/wp-content\/uploads\/2024\/07\/Parkland-Truro_Pride-1152x1536.jpeg 1152w, https:\/\/shannex.com\/wp-content\/uploads\/2024\/07\/Parkland-Truro_Pride-rotated.jpeg 1500w\" sizes=\"(max-width: 768px) 100vw, 768px\" \/><figcaption class=\"wp-element-caption\"><em>Ralph and Gloria Campbell of Fergus Hall at Parkland Truro shared the Pride colors under the sun at their community BBQ. <\/em><\/figcaption><\/figure>\n\n\n\n<figure class=\"wp-block-image size-large\"><img decoding=\"async\" width=\"768\" height=\"1024\" data-id=\"24450\" src=\"https:\/\/shannex.com\/wp-content\/uploads\/2024\/07\/Ken-Marchant_PTruro-768x1024.jpeg\" alt=\"\" class=\"wp-image-24450\" srcset=\"https:\/\/shannex.com\/wp-content\/uploads\/2024\/07\/Ken-Marchant_PTruro-768x1024.jpeg 768w, https:\/\/shannex.com\/wp-content\/uploads\/2024\/07\/Ken-Marchant_PTruro-225x300.jpeg 225w, https:\/\/shannex.com\/wp-content\/uploads\/2024\/07\/Ken-Marchant_PTruro-1152x1536.jpeg 1152w, https:\/\/shannex.com\/wp-content\/uploads\/2024\/07\/Ken-Marchant_PTruro-rotated.jpeg 1500w\" sizes=\"(max-width: 768px) 100vw, 768px\" \/><figcaption class=\"wp-element-caption\"><em>Ken Marchant resident from Parkland Truro helping out with the Pride crosswalk. <\/em><\/figcaption><\/figure>\n<\/figure>\n","protected":false},"excerpt":{"rendered":"<p>June is Pride Month and marks the start of Pride [&hellip;]<\/p>\n","protected":false},"author":24,"featured_media":24448,"comment_status":"closed","ping_status":"open","sticky":false,"template":"","format":"standard","meta":{"_acf_changed":false,"inline_featured_image":false,"footnotes":""},"categories":[122,37],"tags":[],"class_list":["post-24445","post","type-post","status-publish","format-standard","has-post-thumbnail","hentry","category-summer-connections","category-connections-magazine"],"acf":[],"yoast_head":"<!-- This site is optimized with the Yoast SEO plugin v27.3 - https:\/\/yoast.com\/product\/yoast-seo-wordpress\/ -->\n<title>The Power of Pride | Ryan Hall<\/title>\n<meta name=\"robots\" content=\"index, follow, max-snippet:-1, max-image-preview:large, max-video-preview:-1\" \/>\n<link rel=\"canonical\" href=\"https:\/\/shannex.com\/fr\/connections-magazine\/summer-connections\/the-power-of-pride-ryan-hall\/\" \/>\n<meta property=\"og:locale\" content=\"fr_FR\" \/>\n<meta property=\"og:type\" content=\"article\" \/>\n<meta property=\"og:title\" content=\"The Power of Pride | Ryan Hall\" \/>\n<meta property=\"og:description\" content=\"June is Pride Month and marks the start of Pride [&hellip;]\" \/>\n<meta property=\"og:url\" content=\"https:\/\/shannex.com\/fr\/connections-magazine\/summer-connections\/the-power-of-pride-ryan-hall\/\" \/>\n<meta property=\"og:site_name\" content=\"Shannex\" \/>\n<meta property=\"article:published_time\" content=\"2024-07-22T16:10:32+00:00\" \/>\n<meta property=\"article:modified_time\" content=\"2024-07-25T12:48:31+00:00\" \/>\n<meta property=\"og:image\" content=\"https:\/\/shannex.com\/wp-content\/uploads\/2024\/07\/Parkland-Truro_Pride-rotated.jpeg\" \/>\n\t<meta property=\"og:image:width\" content=\"1500\" \/>\n\t<meta property=\"og:image:height\" content=\"2000\" \/>\n\t<meta property=\"og:image:type\" content=\"image\/jpeg\" \/>\n<meta name=\"author\" content=\"Laura Barrett\" \/>\n<meta name=\"twitter:card\" content=\"summary_large_image\" \/>\n<meta name=\"twitter:label1\" content=\"\u00c9crit par\" \/>\n\t<meta name=\"twitter:data1\" content=\"Laura Barrett\" \/>\n\t<meta name=\"twitter:label2\" content=\"Dur\u00e9e de lecture estim\u00e9e\" \/>\n\t<meta name=\"twitter:data2\" content=\"2 minutes\" \/>\n<script type=\"application\/ld+json\" class=\"yoast-schema-graph\">{\"@context\":\"https:\\\/\\\/schema.org\",\"@graph\":[{\"@type\":\"Article\",\"@id\":\"https:\\\/\\\/shannex.com\\\/fr\\\/connections-magazine\\\/summer-connections\\\/the-power-of-pride-ryan-hall\\\/#article\",\"isPartOf\":{\"@id\":\"https:\\\/\\\/shannex.com\\\/fr\\\/connections-magazine\\\/summer-connections\\\/the-power-of-pride-ryan-hall\\\/\"},\"author\":{\"name\":\"Laura Barrett\",\"@id\":\"https:\\\/\\\/shannex.com\\\/fr\\\/#\\\/schema\\\/person\\\/fa0061570ecca75146e79eb9b4630c13\"},\"headline\":\"The Power of Pride | Ryan Hall\",\"datePublished\":\"2024-07-22T16:10:32+00:00\",\"dateModified\":\"2024-07-25T12:48:31+00:00\",\"mainEntityOfPage\":{\"@id\":\"https:\\\/\\\/shannex.com\\\/fr\\\/connections-magazine\\\/summer-connections\\\/the-power-of-pride-ryan-hall\\\/\"},\"wordCount\":168,\"publisher\":{\"@id\":\"https:\\\/\\\/shannex.com\\\/fr\\\/#organization\"},\"image\":{\"@id\":\"https:\\\/\\\/shannex.com\\\/fr\\\/connections-magazine\\\/summer-connections\\\/the-power-of-pride-ryan-hall\\\/#primaryimage\"},\"thumbnailUrl\":\"https:\\\/\\\/shannex.com\\\/wp-content\\\/uploads\\\/2024\\\/07\\\/Parkland-Truro_Pride-rotated.jpeg\",\"articleSection\":[\"Summer 2024\",\"Connections Magazine\"],\"inLanguage\":\"fr-FR\"},{\"@type\":\"WebPage\",\"@id\":\"https:\\\/\\\/shannex.com\\\/fr\\\/connections-magazine\\\/summer-connections\\\/the-power-of-pride-ryan-hall\\\/\",\"url\":\"https:\\\/\\\/shannex.com\\\/fr\\\/connections-magazine\\\/summer-connections\\\/the-power-of-pride-ryan-hall\\\/\",\"name\":\"The Power of Pride | Ryan Hall\",\"isPartOf\":{\"@id\":\"https:\\\/\\\/shannex.com\\\/fr\\\/#website\"},\"primaryImageOfPage\":{\"@id\":\"https:\\\/\\\/shannex.com\\\/fr\\\/connections-magazine\\\/summer-connections\\\/the-power-of-pride-ryan-hall\\\/#primaryimage\"},\"image\":{\"@id\":\"https:\\\/\\\/shannex.com\\\/fr\\\/connections-magazine\\\/summer-connections\\\/the-power-of-pride-ryan-hall\\\/#primaryimage\"},\"thumbnailUrl\":\"https:\\\/\\\/shannex.com\\\/wp-content\\\/uploads\\\/2024\\\/07\\\/Parkland-Truro_Pride-rotated.jpeg\",\"datePublished\":\"2024-07-22T16:10:32+00:00\",\"dateModified\":\"2024-07-25T12:48:31+00:00\",\"inLanguage\":\"fr-FR\",\"potentialAction\":[{\"@type\":\"ReadAction\",\"target\":[\"https:\\\/\\\/shannex.com\\\/fr\\\/connections-magazine\\\/summer-connections\\\/the-power-of-pride-ryan-hall\\\/\"]}]},{\"@type\":\"ImageObject\",\"inLanguage\":\"fr-FR\",\"@id\":\"https:\\\/\\\/shannex.com\\\/fr\\\/connections-magazine\\\/summer-connections\\\/the-power-of-pride-ryan-hall\\\/#primaryimage\",\"url\":\"https:\\\/\\\/shannex.com\\\/wp-content\\\/uploads\\\/2024\\\/07\\\/Parkland-Truro_Pride-rotated.jpeg\",\"contentUrl\":\"https:\\\/\\\/shannex.com\\\/wp-content\\\/uploads\\\/2024\\\/07\\\/Parkland-Truro_Pride-rotated.jpeg\",\"width\":1500,\"height\":2000},{\"@type\":\"WebSite\",\"@id\":\"https:\\\/\\\/shannex.com\\\/fr\\\/#website\",\"url\":\"https:\\\/\\\/shannex.com\\\/fr\\\/\",\"name\":\"Shannex\",\"description\":\"\",\"publisher\":{\"@id\":\"https:\\\/\\\/shannex.com\\\/fr\\\/#organization\"},\"potentialAction\":[{\"@type\":\"SearchAction\",\"target\":{\"@type\":\"EntryPoint\",\"urlTemplate\":\"https:\\\/\\\/shannex.com\\\/fr\\\/?s={search_term_string}\"},\"query-input\":{\"@type\":\"PropertyValueSpecification\",\"valueRequired\":true,\"valueName\":\"search_term_string\"}}],\"inLanguage\":\"fr-FR\"},{\"@type\":\"Organization\",\"@id\":\"https:\\\/\\\/shannex.com\\\/fr\\\/#organization\",\"name\":\"Shannex\",\"url\":\"https:\\\/\\\/shannex.com\\\/fr\\\/\",\"logo\":{\"@type\":\"ImageObject\",\"inLanguage\":\"fr-FR\",\"@id\":\"https:\\\/\\\/shannex.com\\\/fr\\\/#\\\/schema\\\/logo\\\/image\\\/\",\"url\":\"https:\\\/\\\/shannex.com\\\/wp-content\\\/uploads\\\/2022\\\/01\\\/shannex-logo.svg\",\"contentUrl\":\"https:\\\/\\\/shannex.com\\\/wp-content\\\/uploads\\\/2022\\\/01\\\/shannex-logo.svg\",\"width\":486,\"height\":91,\"caption\":\"Shannex\"},\"image\":{\"@id\":\"https:\\\/\\\/shannex.com\\\/fr\\\/#\\\/schema\\\/logo\\\/image\\\/\"}},{\"@type\":\"Person\",\"@id\":\"https:\\\/\\\/shannex.com\\\/fr\\\/#\\\/schema\\\/person\\\/fa0061570ecca75146e79eb9b4630c13\",\"name\":\"Laura Barrett\",\"image\":{\"@type\":\"ImageObject\",\"inLanguage\":\"fr-FR\",\"@id\":\"https:\\\/\\\/secure.gravatar.com\\\/avatar\\\/cfe0f81fc63a0573a693051ed9fd769a206229cd515378fbbe28c598c87b4859?s=96&d=mm&r=g\",\"url\":\"https:\\\/\\\/secure.gravatar.com\\\/avatar\\\/cfe0f81fc63a0573a693051ed9fd769a206229cd515378fbbe28c598c87b4859?s=96&d=mm&r=g\",\"contentUrl\":\"https:\\\/\\\/secure.gravatar.com\\\/avatar\\\/cfe0f81fc63a0573a693051ed9fd769a206229cd515378fbbe28c598c87b4859?s=96&d=mm&r=g\",\"caption\":\"Laura Barrett\"},\"url\":\"https:\\\/\\\/shannex.com\\\/fr\\\/author\\\/laura\\\/\"}]}<\/script>\n<!-- \/ Yoast SEO plugin. -->","yoast_head_json":{"title":"The Power of Pride | Ryan Hall","robots":{"index":"index","follow":"follow","max-snippet":"max-snippet:-1","max-image-preview":"max-image-preview:large","max-video-preview":"max-video-preview:-1"},"canonical":"https:\/\/shannex.com\/fr\/connections-magazine\/summer-connections\/the-power-of-pride-ryan-hall\/","og_locale":"fr_FR","og_type":"article","og_title":"The Power of Pride | Ryan Hall","og_description":"June is Pride Month and marks the start of Pride [&hellip;]","og_url":"https:\/\/shannex.com\/fr\/connections-magazine\/summer-connections\/the-power-of-pride-ryan-hall\/","og_site_name":"Shannex","article_published_time":"2024-07-22T16:10:32+00:00","article_modified_time":"2024-07-25T12:48:31+00:00","og_image":[{"width":1500,"height":2000,"url":"https:\/\/shannex.com\/wp-content\/uploads\/2024\/07\/Parkland-Truro_Pride-rotated.jpeg","type":"image\/jpeg"}],"author":"Laura Barrett","twitter_card":"summary_large_image","twitter_misc":{"\u00c9crit par":"Laura Barrett","Dur\u00e9e de lecture estim\u00e9e":"2 minutes"},"schema":{"@context":"https:\/\/schema.org","@graph":[{"@type":"Article","@id":"https:\/\/shannex.com\/fr\/connections-magazine\/summer-connections\/the-power-of-pride-ryan-hall\/#article","isPartOf":{"@id":"https:\/\/shannex.com\/fr\/connections-magazine\/summer-connections\/the-power-of-pride-ryan-hall\/"},"author":{"name":"Laura Barrett","@id":"https:\/\/shannex.com\/fr\/#\/schema\/person\/fa0061570ecca75146e79eb9b4630c13"},"headline":"The Power of Pride | Ryan Hall","datePublished":"2024-07-22T16:10:32+00:00","dateModified":"2024-07-25T12:48:31+00:00","mainEntityOfPage":{"@id":"https:\/\/shannex.com\/fr\/connections-magazine\/summer-connections\/the-power-of-pride-ryan-hall\/"},"wordCount":168,"publisher":{"@id":"https:\/\/shannex.com\/fr\/#organization"},"image":{"@id":"https:\/\/shannex.com\/fr\/connections-magazine\/summer-connections\/the-power-of-pride-ryan-hall\/#primaryimage"},"thumbnailUrl":"https:\/\/shannex.com\/wp-content\/uploads\/2024\/07\/Parkland-Truro_Pride-rotated.jpeg","articleSection":["Summer 2024","Connections Magazine"],"inLanguage":"fr-FR"},{"@type":"WebPage","@id":"https:\/\/shannex.com\/fr\/connections-magazine\/summer-connections\/the-power-of-pride-ryan-hall\/","url":"https:\/\/shannex.com\/fr\/connections-magazine\/summer-connections\/the-power-of-pride-ryan-hall\/","name":"The Power of Pride | Ryan Hall","isPartOf":{"@id":"https:\/\/shannex.com\/fr\/#website"},"primaryImageOfPage":{"@id":"https:\/\/shannex.com\/fr\/connections-magazine\/summer-connections\/the-power-of-pride-ryan-hall\/#primaryimage"},"image":{"@id":"https:\/\/shannex.com\/fr\/connections-magazine\/summer-connections\/the-power-of-pride-ryan-hall\/#primaryimage"},"thumbnailUrl":"https:\/\/shannex.com\/wp-content\/uploads\/2024\/07\/Parkland-Truro_Pride-rotated.jpeg","datePublished":"2024-07-22T16:10:32+00:00","dateModified":"2024-07-25T12:48:31+00:00","inLanguage":"fr-FR","potentialAction":[{"@type":"ReadAction","target":["https:\/\/shannex.com\/fr\/connections-magazine\/summer-connections\/the-power-of-pride-ryan-hall\/"]}]},{"@type":"ImageObject","inLanguage":"fr-FR","@id":"https:\/\/shannex.com\/fr\/connections-magazine\/summer-connections\/the-power-of-pride-ryan-hall\/#primaryimage","url":"https:\/\/shannex.com\/wp-content\/uploads\/2024\/07\/Parkland-Truro_Pride-rotated.jpeg","contentUrl":"https:\/\/shannex.com\/wp-content\/uploads\/2024\/07\/Parkland-Truro_Pride-rotated.jpeg","width":1500,"height":2000},{"@type":"WebSite","@id":"https:\/\/shannex.com\/fr\/#website","url":"https:\/\/shannex.com\/fr\/","name":"Shannex","description":"","publisher":{"@id":"https:\/\/shannex.com\/fr\/#organization"},"potentialAction":[{"@type":"SearchAction","target":{"@type":"EntryPoint","urlTemplate":"https:\/\/shannex.com\/fr\/?s={search_term_string}"},"query-input":{"@type":"PropertyValueSpecification","valueRequired":true,"valueName":"search_term_string"}}],"inLanguage":"fr-FR"},{"@type":"Organization","@id":"https:\/\/shannex.com\/fr\/#organization","name":"Shannex","url":"https:\/\/shannex.com\/fr\/","logo":{"@type":"ImageObject","inLanguage":"fr-FR","@id":"https:\/\/shannex.com\/fr\/#\/schema\/logo\/image\/","url":"https:\/\/shannex.com\/wp-content\/uploads\/2022\/01\/shannex-logo.svg","contentUrl":"https:\/\/shannex.com\/wp-content\/uploads\/2022\/01\/shannex-logo.svg","width":486,"height":91,"caption":"Shannex"},"image":{"@id":"https:\/\/shannex.com\/fr\/#\/schema\/logo\/image\/"}},{"@type":"Person","@id":"https:\/\/shannex.com\/fr\/#\/schema\/person\/fa0061570ecca75146e79eb9b4630c13","name":"Laura Barrett","image":{"@type":"ImageObject","inLanguage":"fr-FR","@id":"https:\/\/secure.gravatar.com\/avatar\/cfe0f81fc63a0573a693051ed9fd769a206229cd515378fbbe28c598c87b4859?s=96&d=mm&r=g","url":"https:\/\/secure.gravatar.com\/avatar\/cfe0f81fc63a0573a693051ed9fd769a206229cd515378fbbe28c598c87b4859?s=96&d=mm&r=g","contentUrl":"https:\/\/secure.gravatar.com\/avatar\/cfe0f81fc63a0573a693051ed9fd769a206229cd515378fbbe28c598c87b4859?s=96&d=mm&r=g","caption":"Laura Barrett"},"url":"https:\/\/shannex.com\/fr\/author\/laura\/"}]}},"_links":{"self":[{"href":"https:\/\/shannex.com\/fr\/wp-json\/wp\/v2\/posts\/24445","targetHints":{"allow":["GET"]}}],"collection":[{"href":"https:\/\/shannex.com\/fr\/wp-json\/wp\/v2\/posts"}],"about":[{"href":"https:\/\/shannex.com\/fr\/wp-json\/wp\/v2\/types\/post"}],"author":[{"embeddable":true,"href":"https:\/\/shannex.com\/fr\/wp-json\/wp\/v2\/users\/24"}],"replies":[{"embeddable":true,"href":"https:\/\/shannex.com\/fr\/wp-json\/wp\/v2\/comments?post=24445"}],"version-history":[{"count":0,"href":"https:\/\/shannex.com\/fr\/wp-json\/wp\/v2\/posts\/24445\/revisions"}],"wp:featuredmedia":[{"embeddable":true,"href":"https:\/\/shannex.com\/fr\/wp-json\/wp\/v2\/media\/24448"}],"wp:attachment":[{"href":"https:\/\/shannex.com\/fr\/wp-json\/wp\/v2\/media?parent=24445"}],"wp:term":[{"taxonomy":"category","embeddable":true,"href":"https:\/\/shannex.com\/fr\/wp-json\/wp\/v2\/categories?post=24445"},{"taxonomy":"post_tag","embeddable":true,"href":"https:\/\/shannex.com\/fr\/wp-json\/wp\/v2\/tags?post=24445"}],"curies":[{"name":"wp","href":"https:\/\/api.w.org\/{rel}","templated":true}]}}