{"id":24498,"date":"2024-07-23T13:02:27","date_gmt":"2024-07-23T17:02:27","guid":{"rendered":"https:\/\/shannex.com\/?p=24498"},"modified":"2024-07-25T15:06:46","modified_gmt":"2024-07-25T19:06:46","slug":"celebrating-years-of-service-parkland-clayton-park-and-faubourg-du-mascaret","status":"publish","type":"post","link":"https:\/\/shannex.com\/fr\/connections-magazine\/summer-connections\/celebrating-years-of-service-parkland-clayton-park-and-faubourg-du-mascaret\/","title":{"rendered":"Celebrating Years of Service | Parkland Clayton Park and Faubourg du Mascaret"},"content":{"rendered":"\n<div style=\"height:46px\" aria-hidden=\"true\" class=\"wp-block-spacer\"><\/div>\n\n\n\n<div style=\"height:39px\" aria-hidden=\"true\" class=\"wp-block-spacer\"><\/div>\n\n\n\n<div class=\"wp-block-columns is-layout-flex wp-container-core-columns-is-layout-28f84493 wp-block-columns-is-layout-flex\">\n<div class=\"wp-block-column is-layout-flow wp-block-column-is-layout-flow\"><\/div>\n\n\n\n<div class=\"wp-block-column is-layout-flow wp-block-column-is-layout-flow\">\n<div class=\"wp-block-columns is-layout-flex wp-container-core-columns-is-layout-28f84493 wp-block-columns-is-layout-flex\">\n<div class=\"wp-block-column is-layout-flow wp-block-column-is-layout-flow\">\n<p class=\"has-medium-font-size\">Milestone anniversaries for our dedicated team members are special occasions that take place throughout the year. Several communities held years of service celebrations during <a href=\"https:\/\/shannex.com\/great-people-month\/\">Great People Month<\/a> to honour their long-serving Great People. <\/p>\n\n\n\n<p class=\"has-medium-font-size\"><a href=\"https:\/\/retraitefaubourg.com\/\">Faubourg du Mascaret<\/a>, in Moncton, N.B. and <a href=\"https:\/\/experienceparkland.com\/en\/locations\/parkland-clayton-park\/\">Parkland Clayton Park<\/a>, in Halifax, N.S. celebrated with words of encouragement, award certificates and a celebratory pizza party. Congratulations to team members Brian Smith and Jennifer Aquino from Faubourg du Mascaret as well as Anna Gurevich and Neema Johny from Parkland Clayton Park. We appreciate your dedication to our residents and families.<\/p>\n<\/div>\n<\/div>\n<\/div>\n\n\n\n<div class=\"wp-block-column is-layout-flow wp-block-column-is-layout-flow\">\n<figure class=\"wp-block-image size-full\"><img decoding=\"async\" width=\"946\" height=\"946\" src=\"https:\/\/shannex.com\/wp-content\/uploads\/2024\/07\/YearsofService_Neema-1-edited.jpeg\" alt=\"\" class=\"wp-image-24799\" srcset=\"https:\/\/shannex.com\/wp-content\/uploads\/2024\/07\/YearsofService_Neema-1-edited.jpeg 946w, https:\/\/shannex.com\/wp-content\/uploads\/2024\/07\/YearsofService_Neema-1-edited-300x300.jpeg 300w, https:\/\/shannex.com\/wp-content\/uploads\/2024\/07\/YearsofService_Neema-1-edited-150x150.jpeg 150w, https:\/\/shannex.com\/wp-content\/uploads\/2024\/07\/YearsofService_Neema-1-edited-768x768.jpeg 768w\" sizes=\"(max-width: 946px) 100vw, 946px\" \/><figcaption class=\"wp-element-caption\"><em>Neema Johny, Parkland Clayton Park, N.S<\/em><\/figcaption><\/figure>\n<\/div>\n\n\n\n<div class=\"wp-block-column is-layout-flow wp-block-column-is-layout-flow\"><\/div>\n<\/div>\n\n\n\n<div class=\"wp-block-columns is-layout-flex wp-container-core-columns-is-layout-28f84493 wp-block-columns-is-layout-flex\">\n<div class=\"wp-block-column is-layout-flow wp-block-column-is-layout-flow\">\n<figure class=\"wp-block-image size-full\"><img decoding=\"async\" width=\"946\" height=\"946\" src=\"https:\/\/shannex.com\/wp-content\/uploads\/2024\/07\/YearsofService_Anna-1-edited.jpeg\" alt=\"\" class=\"wp-image-24807\" srcset=\"https:\/\/shannex.com\/wp-content\/uploads\/2024\/07\/YearsofService_Anna-1-edited.jpeg 946w, https:\/\/shannex.com\/wp-content\/uploads\/2024\/07\/YearsofService_Anna-1-edited-300x300.jpeg 300w, https:\/\/shannex.com\/wp-content\/uploads\/2024\/07\/YearsofService_Anna-1-edited-150x150.jpeg 150w, https:\/\/shannex.com\/wp-content\/uploads\/2024\/07\/YearsofService_Anna-1-edited-768x768.jpeg 768w\" sizes=\"(max-width: 946px) 100vw, 946px\" \/><figcaption class=\"wp-element-caption\"><em>Anna Guerevich, Parkland Clayton Park, N.S.<\/em><\/figcaption><\/figure>\n<\/div>\n\n\n\n<div class=\"wp-block-column is-layout-flow wp-block-column-is-layout-flow\">\n<figure class=\"wp-block-image size-full\"><img decoding=\"async\" width=\"2268\" height=\"2268\" src=\"https:\/\/shannex.com\/wp-content\/uploads\/2024\/07\/YearsofService_Glenn-1-edited.jpg\" alt=\"\" class=\"wp-image-24813\" srcset=\"https:\/\/shannex.com\/wp-content\/uploads\/2024\/07\/YearsofService_Glenn-1-edited.jpg 2268w, https:\/\/shannex.com\/wp-content\/uploads\/2024\/07\/YearsofService_Glenn-1-edited-300x300.jpg 300w, https:\/\/shannex.com\/wp-content\/uploads\/2024\/07\/YearsofService_Glenn-1-edited-1024x1024.jpg 1024w, https:\/\/shannex.com\/wp-content\/uploads\/2024\/07\/YearsofService_Glenn-1-edited-150x150.jpg 150w, https:\/\/shannex.com\/wp-content\/uploads\/2024\/07\/YearsofService_Glenn-1-edited-768x768.jpg 768w, https:\/\/shannex.com\/wp-content\/uploads\/2024\/07\/YearsofService_Glenn-1-edited-1536x1536.jpg 1536w, https:\/\/shannex.com\/wp-content\/uploads\/2024\/07\/YearsofService_Glenn-1-edited-2048x2048.jpg 2048w\" sizes=\"(max-width: 2268px) 100vw, 2268px\" \/><\/figure>\n<\/div>\n\n\n\n<div class=\"wp-block-column is-layout-flow wp-block-column-is-layout-flow\">\n<figure class=\"wp-block-image size-full\"><img decoding=\"async\" width=\"2057\" height=\"2057\" src=\"https:\/\/shannex.com\/wp-content\/uploads\/2024\/07\/YearsofService_Brian-2-edited.jpeg\" alt=\"\" class=\"wp-image-24815\" srcset=\"https:\/\/shannex.com\/wp-content\/uploads\/2024\/07\/YearsofService_Brian-2-edited.jpeg 2057w, https:\/\/shannex.com\/wp-content\/uploads\/2024\/07\/YearsofService_Brian-2-edited-300x300.jpeg 300w, https:\/\/shannex.com\/wp-content\/uploads\/2024\/07\/YearsofService_Brian-2-edited-1024x1024.jpeg 1024w, https:\/\/shannex.com\/wp-content\/uploads\/2024\/07\/YearsofService_Brian-2-edited-150x150.jpeg 150w, https:\/\/shannex.com\/wp-content\/uploads\/2024\/07\/YearsofService_Brian-2-edited-768x768.jpeg 768w, https:\/\/shannex.com\/wp-content\/uploads\/2024\/07\/YearsofService_Brian-2-edited-1536x1536.jpeg 1536w, https:\/\/shannex.com\/wp-content\/uploads\/2024\/07\/YearsofService_Brian-2-edited-2048x2048.jpeg 2048w\" sizes=\"(max-width: 2057px) 100vw, 2057px\" \/><\/figure>\n<\/div>\n<\/div>\n","protected":false},"excerpt":{"rendered":"<p>Milestone anniversaries for our dedicated team members are special occasions [&hellip;]<\/p>\n","protected":false},"author":24,"featured_media":24499,"comment_status":"closed","ping_status":"open","sticky":false,"template":"","format":"standard","meta":{"_acf_changed":false,"inline_featured_image":false,"footnotes":""},"categories":[122,13],"tags":[],"class_list":["post-24498","post","type-post","status-publish","format-standard","has-post-thumbnail","hentry","category-summer-connections","category-connections-magazine"],"acf":[],"yoast_head":"<!-- This site is optimized with the Yoast SEO plugin v27.3 - https:\/\/yoast.com\/product\/yoast-seo-wordpress\/ -->\n<title>Celebrating Years of Service | Parkland Clayton Park and Faubourg du Mascaret<\/title>\n<meta name=\"robots\" content=\"index, follow, max-snippet:-1, max-image-preview:large, max-video-preview:-1\" \/>\n<link rel=\"canonical\" href=\"https:\/\/shannex.com\/fr\/connections-magazine\/summer-connections\/celebrating-years-of-service-parkland-clayton-park-and-faubourg-du-mascaret\/\" \/>\n<meta property=\"og:locale\" content=\"fr_FR\" \/>\n<meta property=\"og:type\" content=\"article\" \/>\n<meta property=\"og:title\" content=\"Celebrating Years of Service | Parkland Clayton Park and Faubourg du Mascaret\" \/>\n<meta property=\"og:description\" content=\"Milestone anniversaries for our dedicated team members are special occasions [&hellip;]\" \/>\n<meta property=\"og:url\" content=\"https:\/\/shannex.com\/fr\/connections-magazine\/summer-connections\/celebrating-years-of-service-parkland-clayton-park-and-faubourg-du-mascaret\/\" \/>\n<meta property=\"og:site_name\" content=\"Shannex\" \/>\n<meta property=\"article:published_time\" content=\"2024-07-23T17:02:27+00:00\" \/>\n<meta property=\"article:modified_time\" content=\"2024-07-25T19:06:46+00:00\" \/>\n<meta property=\"og:image\" content=\"https:\/\/shannex.com\/wp-content\/uploads\/2024\/07\/YearsofService_Brian-scaled.jpeg\" \/>\n\t<meta property=\"og:image:width\" content=\"1440\" \/>\n\t<meta property=\"og:image:height\" content=\"2560\" \/>\n\t<meta property=\"og:image:type\" content=\"image\/jpeg\" \/>\n<meta name=\"author\" content=\"Laura Barrett\" \/>\n<meta name=\"twitter:card\" content=\"summary_large_image\" \/>\n<meta name=\"twitter:label1\" content=\"\u00c9crit par\" \/>\n\t<meta name=\"twitter:data1\" content=\"Laura Barrett\" \/>\n\t<meta name=\"twitter:label2\" content=\"Dur\u00e9e de lecture estim\u00e9e\" \/>\n\t<meta name=\"twitter:data2\" content=\"2 minutes\" \/>\n<script type=\"application\/ld+json\" class=\"yoast-schema-graph\">{\"@context\":\"https:\\\/\\\/schema.org\",\"@graph\":[{\"@type\":\"Article\",\"@id\":\"https:\\\/\\\/shannex.com\\\/fr\\\/connections-magazine\\\/summer-connections\\\/celebrating-years-of-service-parkland-clayton-park-and-faubourg-du-mascaret\\\/#article\",\"isPartOf\":{\"@id\":\"https:\\\/\\\/shannex.com\\\/fr\\\/connections-magazine\\\/summer-connections\\\/celebrating-years-of-service-parkland-clayton-park-and-faubourg-du-mascaret\\\/\"},\"author\":{\"name\":\"Laura Barrett\",\"@id\":\"https:\\\/\\\/shannex.com\\\/fr\\\/#\\\/schema\\\/person\\\/fa0061570ecca75146e79eb9b4630c13\"},\"headline\":\"Celebrating Years of Service | Parkland Clayton Park and Faubourg du Mascaret\",\"datePublished\":\"2024-07-23T17:02:27+00:00\",\"dateModified\":\"2024-07-25T19:06:46+00:00\",\"mainEntityOfPage\":{\"@id\":\"https:\\\/\\\/shannex.com\\\/fr\\\/connections-magazine\\\/summer-connections\\\/celebrating-years-of-service-parkland-clayton-park-and-faubourg-du-mascaret\\\/\"},\"wordCount\":119,\"publisher\":{\"@id\":\"https:\\\/\\\/shannex.com\\\/fr\\\/#organization\"},\"image\":{\"@id\":\"https:\\\/\\\/shannex.com\\\/fr\\\/connections-magazine\\\/summer-connections\\\/celebrating-years-of-service-parkland-clayton-park-and-faubourg-du-mascaret\\\/#primaryimage\"},\"thumbnailUrl\":\"https:\\\/\\\/shannex.com\\\/wp-content\\\/uploads\\\/2024\\\/07\\\/YearsofService_Brian-scaled.jpeg\",\"articleSection\":[\"Summer 2024\",\"Connections Magazine\"],\"inLanguage\":\"fr-FR\"},{\"@type\":\"WebPage\",\"@id\":\"https:\\\/\\\/shannex.com\\\/fr\\\/connections-magazine\\\/summer-connections\\\/celebrating-years-of-service-parkland-clayton-park-and-faubourg-du-mascaret\\\/\",\"url\":\"https:\\\/\\\/shannex.com\\\/fr\\\/connections-magazine\\\/summer-connections\\\/celebrating-years-of-service-parkland-clayton-park-and-faubourg-du-mascaret\\\/\",\"name\":\"Celebrating Years of Service | Parkland Clayton Park and Faubourg du Mascaret\",\"isPartOf\":{\"@id\":\"https:\\\/\\\/shannex.com\\\/fr\\\/#website\"},\"primaryImageOfPage\":{\"@id\":\"https:\\\/\\\/shannex.com\\\/fr\\\/connections-magazine\\\/summer-connections\\\/celebrating-years-of-service-parkland-clayton-park-and-faubourg-du-mascaret\\\/#primaryimage\"},\"image\":{\"@id\":\"https:\\\/\\\/shannex.com\\\/fr\\\/connections-magazine\\\/summer-connections\\\/celebrating-years-of-service-parkland-clayton-park-and-faubourg-du-mascaret\\\/#primaryimage\"},\"thumbnailUrl\":\"https:\\\/\\\/shannex.com\\\/wp-content\\\/uploads\\\/2024\\\/07\\\/YearsofService_Brian-scaled.jpeg\",\"datePublished\":\"2024-07-23T17:02:27+00:00\",\"dateModified\":\"2024-07-25T19:06:46+00:00\",\"inLanguage\":\"fr-FR\",\"potentialAction\":[{\"@type\":\"ReadAction\",\"target\":[\"https:\\\/\\\/shannex.com\\\/fr\\\/connections-magazine\\\/summer-connections\\\/celebrating-years-of-service-parkland-clayton-park-and-faubourg-du-mascaret\\\/\"]}]},{\"@type\":\"ImageObject\",\"inLanguage\":\"fr-FR\",\"@id\":\"https:\\\/\\\/shannex.com\\\/fr\\\/connections-magazine\\\/summer-connections\\\/celebrating-years-of-service-parkland-clayton-park-and-faubourg-du-mascaret\\\/#primaryimage\",\"url\":\"https:\\\/\\\/shannex.com\\\/wp-content\\\/uploads\\\/2024\\\/07\\\/YearsofService_Brian-scaled.jpeg\",\"contentUrl\":\"https:\\\/\\\/shannex.com\\\/wp-content\\\/uploads\\\/2024\\\/07\\\/YearsofService_Brian-scaled.jpeg\",\"width\":1440,\"height\":2560},{\"@type\":\"WebSite\",\"@id\":\"https:\\\/\\\/shannex.com\\\/fr\\\/#website\",\"url\":\"https:\\\/\\\/shannex.com\\\/fr\\\/\",\"name\":\"Shannex\",\"description\":\"\",\"publisher\":{\"@id\":\"https:\\\/\\\/shannex.com\\\/fr\\\/#organization\"},\"potentialAction\":[{\"@type\":\"SearchAction\",\"target\":{\"@type\":\"EntryPoint\",\"urlTemplate\":\"https:\\\/\\\/shannex.com\\\/fr\\\/?s={search_term_string}\"},\"query-input\":{\"@type\":\"PropertyValueSpecification\",\"valueRequired\":true,\"valueName\":\"search_term_string\"}}],\"inLanguage\":\"fr-FR\"},{\"@type\":\"Organization\",\"@id\":\"https:\\\/\\\/shannex.com\\\/fr\\\/#organization\",\"name\":\"Shannex\",\"url\":\"https:\\\/\\\/shannex.com\\\/fr\\\/\",\"logo\":{\"@type\":\"ImageObject\",\"inLanguage\":\"fr-FR\",\"@id\":\"https:\\\/\\\/shannex.com\\\/fr\\\/#\\\/schema\\\/logo\\\/image\\\/\",\"url\":\"https:\\\/\\\/shannex.com\\\/wp-content\\\/uploads\\\/2022\\\/01\\\/shannex-logo.svg\",\"contentUrl\":\"https:\\\/\\\/shannex.com\\\/wp-content\\\/uploads\\\/2022\\\/01\\\/shannex-logo.svg\",\"width\":486,\"height\":91,\"caption\":\"Shannex\"},\"image\":{\"@id\":\"https:\\\/\\\/shannex.com\\\/fr\\\/#\\\/schema\\\/logo\\\/image\\\/\"}},{\"@type\":\"Person\",\"@id\":\"https:\\\/\\\/shannex.com\\\/fr\\\/#\\\/schema\\\/person\\\/fa0061570ecca75146e79eb9b4630c13\",\"name\":\"Laura Barrett\",\"image\":{\"@type\":\"ImageObject\",\"inLanguage\":\"fr-FR\",\"@id\":\"https:\\\/\\\/secure.gravatar.com\\\/avatar\\\/cfe0f81fc63a0573a693051ed9fd769a206229cd515378fbbe28c598c87b4859?s=96&d=mm&r=g\",\"url\":\"https:\\\/\\\/secure.gravatar.com\\\/avatar\\\/cfe0f81fc63a0573a693051ed9fd769a206229cd515378fbbe28c598c87b4859?s=96&d=mm&r=g\",\"contentUrl\":\"https:\\\/\\\/secure.gravatar.com\\\/avatar\\\/cfe0f81fc63a0573a693051ed9fd769a206229cd515378fbbe28c598c87b4859?s=96&d=mm&r=g\",\"caption\":\"Laura Barrett\"},\"url\":\"https:\\\/\\\/shannex.com\\\/fr\\\/author\\\/laura\\\/\"}]}<\/script>\n<!-- \/ Yoast SEO plugin. -->","yoast_head_json":{"title":"Celebrating Years of Service | Parkland Clayton Park and Faubourg du Mascaret","robots":{"index":"index","follow":"follow","max-snippet":"max-snippet:-1","max-image-preview":"max-image-preview:large","max-video-preview":"max-video-preview:-1"},"canonical":"https:\/\/shannex.com\/fr\/connections-magazine\/summer-connections\/celebrating-years-of-service-parkland-clayton-park-and-faubourg-du-mascaret\/","og_locale":"fr_FR","og_type":"article","og_title":"Celebrating Years of Service | Parkland Clayton Park and Faubourg du Mascaret","og_description":"Milestone anniversaries for our dedicated team members are special occasions [&hellip;]","og_url":"https:\/\/shannex.com\/fr\/connections-magazine\/summer-connections\/celebrating-years-of-service-parkland-clayton-park-and-faubourg-du-mascaret\/","og_site_name":"Shannex","article_published_time":"2024-07-23T17:02:27+00:00","article_modified_time":"2024-07-25T19:06:46+00:00","og_image":[{"width":1440,"height":2560,"url":"https:\/\/shannex.com\/wp-content\/uploads\/2024\/07\/YearsofService_Brian-scaled.jpeg","type":"image\/jpeg"}],"author":"Laura Barrett","twitter_card":"summary_large_image","twitter_misc":{"\u00c9crit par":"Laura Barrett","Dur\u00e9e de lecture estim\u00e9e":"2 minutes"},"schema":{"@context":"https:\/\/schema.org","@graph":[{"@type":"Article","@id":"https:\/\/shannex.com\/fr\/connections-magazine\/summer-connections\/celebrating-years-of-service-parkland-clayton-park-and-faubourg-du-mascaret\/#article","isPartOf":{"@id":"https:\/\/shannex.com\/fr\/connections-magazine\/summer-connections\/celebrating-years-of-service-parkland-clayton-park-and-faubourg-du-mascaret\/"},"author":{"name":"Laura Barrett","@id":"https:\/\/shannex.com\/fr\/#\/schema\/person\/fa0061570ecca75146e79eb9b4630c13"},"headline":"Celebrating Years of Service | Parkland Clayton Park and Faubourg du Mascaret","datePublished":"2024-07-23T17:02:27+00:00","dateModified":"2024-07-25T19:06:46+00:00","mainEntityOfPage":{"@id":"https:\/\/shannex.com\/fr\/connections-magazine\/summer-connections\/celebrating-years-of-service-parkland-clayton-park-and-faubourg-du-mascaret\/"},"wordCount":119,"publisher":{"@id":"https:\/\/shannex.com\/fr\/#organization"},"image":{"@id":"https:\/\/shannex.com\/fr\/connections-magazine\/summer-connections\/celebrating-years-of-service-parkland-clayton-park-and-faubourg-du-mascaret\/#primaryimage"},"thumbnailUrl":"https:\/\/shannex.com\/wp-content\/uploads\/2024\/07\/YearsofService_Brian-scaled.jpeg","articleSection":["Summer 2024","Connections Magazine"],"inLanguage":"fr-FR"},{"@type":"WebPage","@id":"https:\/\/shannex.com\/fr\/connections-magazine\/summer-connections\/celebrating-years-of-service-parkland-clayton-park-and-faubourg-du-mascaret\/","url":"https:\/\/shannex.com\/fr\/connections-magazine\/summer-connections\/celebrating-years-of-service-parkland-clayton-park-and-faubourg-du-mascaret\/","name":"Celebrating Years of Service | Parkland Clayton Park and Faubourg du Mascaret","isPartOf":{"@id":"https:\/\/shannex.com\/fr\/#website"},"primaryImageOfPage":{"@id":"https:\/\/shannex.com\/fr\/connections-magazine\/summer-connections\/celebrating-years-of-service-parkland-clayton-park-and-faubourg-du-mascaret\/#primaryimage"},"image":{"@id":"https:\/\/shannex.com\/fr\/connections-magazine\/summer-connections\/celebrating-years-of-service-parkland-clayton-park-and-faubourg-du-mascaret\/#primaryimage"},"thumbnailUrl":"https:\/\/shannex.com\/wp-content\/uploads\/2024\/07\/YearsofService_Brian-scaled.jpeg","datePublished":"2024-07-23T17:02:27+00:00","dateModified":"2024-07-25T19:06:46+00:00","inLanguage":"fr-FR","potentialAction":[{"@type":"ReadAction","target":["https:\/\/shannex.com\/fr\/connections-magazine\/summer-connections\/celebrating-years-of-service-parkland-clayton-park-and-faubourg-du-mascaret\/"]}]},{"@type":"ImageObject","inLanguage":"fr-FR","@id":"https:\/\/shannex.com\/fr\/connections-magazine\/summer-connections\/celebrating-years-of-service-parkland-clayton-park-and-faubourg-du-mascaret\/#primaryimage","url":"https:\/\/shannex.com\/wp-content\/uploads\/2024\/07\/YearsofService_Brian-scaled.jpeg","contentUrl":"https:\/\/shannex.com\/wp-content\/uploads\/2024\/07\/YearsofService_Brian-scaled.jpeg","width":1440,"height":2560},{"@type":"WebSite","@id":"https:\/\/shannex.com\/fr\/#website","url":"https:\/\/shannex.com\/fr\/","name":"Shannex","description":"","publisher":{"@id":"https:\/\/shannex.com\/fr\/#organization"},"potentialAction":[{"@type":"SearchAction","target":{"@type":"EntryPoint","urlTemplate":"https:\/\/shannex.com\/fr\/?s={search_term_string}"},"query-input":{"@type":"PropertyValueSpecification","valueRequired":true,"valueName":"search_term_string"}}],"inLanguage":"fr-FR"},{"@type":"Organization","@id":"https:\/\/shannex.com\/fr\/#organization","name":"Shannex","url":"https:\/\/shannex.com\/fr\/","logo":{"@type":"ImageObject","inLanguage":"fr-FR","@id":"https:\/\/shannex.com\/fr\/#\/schema\/logo\/image\/","url":"https:\/\/shannex.com\/wp-content\/uploads\/2022\/01\/shannex-logo.svg","contentUrl":"https:\/\/shannex.com\/wp-content\/uploads\/2022\/01\/shannex-logo.svg","width":486,"height":91,"caption":"Shannex"},"image":{"@id":"https:\/\/shannex.com\/fr\/#\/schema\/logo\/image\/"}},{"@type":"Person","@id":"https:\/\/shannex.com\/fr\/#\/schema\/person\/fa0061570ecca75146e79eb9b4630c13","name":"Laura Barrett","image":{"@type":"ImageObject","inLanguage":"fr-FR","@id":"https:\/\/secure.gravatar.com\/avatar\/cfe0f81fc63a0573a693051ed9fd769a206229cd515378fbbe28c598c87b4859?s=96&d=mm&r=g","url":"https:\/\/secure.gravatar.com\/avatar\/cfe0f81fc63a0573a693051ed9fd769a206229cd515378fbbe28c598c87b4859?s=96&d=mm&r=g","contentUrl":"https:\/\/secure.gravatar.com\/avatar\/cfe0f81fc63a0573a693051ed9fd769a206229cd515378fbbe28c598c87b4859?s=96&d=mm&r=g","caption":"Laura Barrett"},"url":"https:\/\/shannex.com\/fr\/author\/laura\/"}]}},"_links":{"self":[{"href":"https:\/\/shannex.com\/fr\/wp-json\/wp\/v2\/posts\/24498","targetHints":{"allow":["GET"]}}],"collection":[{"href":"https:\/\/shannex.com\/fr\/wp-json\/wp\/v2\/posts"}],"about":[{"href":"https:\/\/shannex.com\/fr\/wp-json\/wp\/v2\/types\/post"}],"author":[{"embeddable":true,"href":"https:\/\/shannex.com\/fr\/wp-json\/wp\/v2\/users\/24"}],"replies":[{"embeddable":true,"href":"https:\/\/shannex.com\/fr\/wp-json\/wp\/v2\/comments?post=24498"}],"version-history":[{"count":0,"href":"https:\/\/shannex.com\/fr\/wp-json\/wp\/v2\/posts\/24498\/revisions"}],"wp:featuredmedia":[{"embeddable":true,"href":"https:\/\/shannex.com\/fr\/wp-json\/wp\/v2\/media\/24499"}],"wp:attachment":[{"href":"https:\/\/shannex.com\/fr\/wp-json\/wp\/v2\/media?parent=24498"}],"wp:term":[{"taxonomy":"category","embeddable":true,"href":"https:\/\/shannex.com\/fr\/wp-json\/wp\/v2\/categories?post=24498"},{"taxonomy":"post_tag","embeddable":true,"href":"https:\/\/shannex.com\/fr\/wp-json\/wp\/v2\/tags?post=24498"}],"curies":[{"name":"wp","href":"https:\/\/api.w.org\/{rel}","templated":true}]}}