{"id":27537,"date":"2025-04-11T14:16:20","date_gmt":"2025-04-11T18:16:20","guid":{"rendered":"https:\/\/shannex.com\/?p=27537"},"modified":"2025-04-22T18:07:03","modified_gmt":"2025-04-22T22:07:03","slug":"meganwhite","status":"publish","type":"post","link":"https:\/\/shannex.com\/fr\/great-people\/meganwhite\/","title":{"rendered":"Great People Feature: Megan White"},"content":{"rendered":"\n<div style=\"height:73px\" aria-hidden=\"true\" class=\"wp-block-spacer\"><\/div>\n\n\n\n<div class=\"wp-block-columns is-layout-flex wp-container-core-columns-is-layout-28f84493 wp-block-columns-is-layout-flex\">\n<div class=\"wp-block-column is-layout-flow wp-block-column-is-layout-flow\" style=\"flex-basis:40%\">\n<div class=\"wp-block-columns is-layout-flex wp-container-core-columns-is-layout-28f84493 wp-block-columns-is-layout-flex\">\n<div class=\"wp-block-column is-layout-flow wp-block-column-is-layout-flow\" style=\"flex-basis:100%\">\n<figure class=\"wp-block-image size-large\"><img decoding=\"async\" width=\"1024\" height=\"768\" src=\"https:\/\/shannex.com\/wp-content\/uploads\/2025\/04\/Image-9-1024x768.jpg\" alt=\"\" class=\"wp-image-27540\" srcset=\"https:\/\/shannex.com\/wp-content\/uploads\/2025\/04\/Image-9-1024x768.jpg 1024w, https:\/\/shannex.com\/wp-content\/uploads\/2025\/04\/Image-9-300x225.jpg 300w, https:\/\/shannex.com\/wp-content\/uploads\/2025\/04\/Image-9-768x576.jpg 768w, https:\/\/shannex.com\/wp-content\/uploads\/2025\/04\/Image-9-1536x1152.jpg 1536w, https:\/\/shannex.com\/wp-content\/uploads\/2025\/04\/Image-9-2048x1536.jpg 2048w\" sizes=\"(max-width: 1024px) 100vw, 1024px\" \/><figcaption class=\"wp-element-caption\">Megan White in dining area at Moody Hall.<\/figcaption><\/figure>\n\n\n\n<figure class=\"wp-block-image size-large\"><img decoding=\"async\" width=\"1024\" height=\"768\" src=\"https:\/\/shannex.com\/wp-content\/uploads\/2025\/04\/Image-8-scaled-e1744395071882-1024x768.jpg\" alt=\"\" class=\"wp-image-27542\" srcset=\"https:\/\/shannex.com\/wp-content\/uploads\/2025\/04\/Image-8-scaled-e1744395071882-1024x768.jpg 1024w, https:\/\/shannex.com\/wp-content\/uploads\/2025\/04\/Image-8-scaled-e1744395071882-300x225.jpg 300w, https:\/\/shannex.com\/wp-content\/uploads\/2025\/04\/Image-8-scaled-e1744395071882-768x576.jpg 768w, https:\/\/shannex.com\/wp-content\/uploads\/2025\/04\/Image-8-scaled-e1744395071882-1536x1153.jpg 1536w, https:\/\/shannex.com\/wp-content\/uploads\/2025\/04\/Image-8-scaled-e1744395071882-2048x1537.jpg 2048w\" sizes=\"(max-width: 1024px) 100vw, 1024px\" \/><figcaption class=\"wp-element-caption\">Megan and colleague looking at dietary roster in kitchen at Moody Hall.   <\/figcaption><\/figure>\n<\/div>\n<\/div>\n<\/div>\n\n\n\n<div class=\"wp-block-column is-layout-flow wp-block-column-is-layout-flow\" style=\"flex-basis:70%\">\n<h2 class=\"wp-block-heading\"><strong>Food\u2014it\u2019s meant to be enjoyed.<\/strong><\/h2>\n\n\n\n<h5 class=\"wp-block-heading\">Dietitian&nbsp;Megan&nbsp;White shares her passion for balance, not fads<\/h5>\n\n\n\n<p>With roots on the front line of food service operations,&nbsp;Megan&nbsp;White has paired an intimate knowledge of food science with experience as a cook and pastry chef in her one-of-a-kind recipe for impacting resident quality of life in long term care. We recently sat down with&nbsp;Megan&nbsp;to get the inside scoop on her journey at Shannex so far: &nbsp;<\/p>\n\n\n\n<ol start=\"1\" class=\"wp-block-list\">\n<li><strong>What inspired you to become a dietitian?&nbsp;<\/strong>Before becoming a dietitian, I graduated from the Culinary Institute of Canada in 2013 and worked as a cook and pastry chef. I worked with one chef who really valued promoting health and cooking fresh, nutrient dense meals for clients and that is when my interest in how nutrition impacts overall wellbeing began. I graduated from MSVU\u2019s Bachelor of Science in Applied Human Nutrition Program in 2024 and completed two of my required internships with Shannex before being hired as a Regional Dietitian with Cedarstone\u2014and now as a Clinical Dietitian at Moody Hall.<\/li>\n<\/ol>\n\n\n\n<ol start=\"2\" class=\"wp-block-list\">\n<li><strong>As a dietitian, what is the best part of supporting residents in long term care?&nbsp;<\/strong>For me, the best part of supporting residents as a Clinical Dietitian is being able to assist in providing them the best nutrition quality of life as possible, which looks different for every resident. This can include creating individual menus to support their health or preferences, completing assessments to ensure they can enjoy their meals comfortably and safely, and even providing residents in their final chapter with their favorite foods and beverages in whatever form will enable them to enjoy it (puree chocolate cake tastes delicious, too!).<\/li>\n<\/ol>\n\n\n\n<ol start=\"3\" class=\"wp-block-list\">\n<li><strong>What would you say are the \u201cday in the life\u201d highlights for you, and broadly, dietitians in long term care?&nbsp;<\/strong>Getting to bond with and spend time with residents during their meals is definitely a highlight. This can occur while completing an assessment or sitting down for a quick check in. I also love getting involved in our resident centred activities such as our menu test day and monthly resident councils.<\/li>\n<\/ol>\n\n\n\n<ol start=\"4\" class=\"wp-block-list\">\n<li><strong>Any advice for people considering a career at Shannex?&nbsp;<\/strong>My advice for anyone who is considering working as a Clinical Dietitian with Shannex is to definitely go for it! Not only will you be working within a strong interprofessional team (including nurses, CCAs, OT\u2019s, PTs, and recreation\/music therapists) daily, but there is an extraordinary network of Shannex dietitians across Nova Scotia and New Brunswick who are always available to support you as needed.<\/li>\n<\/ol>\n\n\n\n<ol start=\"5\" class=\"wp-block-list\">\n<li><strong>What are you most excited about when you consider our planned growth?<\/strong>&nbsp;I am most excited to see Shannex continue to respond to the needs of our culturally diverse elderly population across Nova Scotia through community consultation. Even as a leader in the sector, we\u2019re always striving to improve. Food is personal and tied to generations of recipes and home kitchens, so providing meaningful meals is something that\u2019s as important to the residents as it is to our team.<\/li>\n<\/ol>\n\n\n\n<ol start=\"6\" class=\"wp-block-list\">\n<li><strong>What are the top THREE things you wish people knew about nutrition?&nbsp;<\/strong>The top three things I would want people to know about nutrition is that our food, meals and snacks are meant to be enjoyed \u2013 this is so much more important than stressing over ensuring you are eating the \u201chealthiest\u201d foods possible. Second, eating in a way that supports your individual health doesn\u2019t have to be complicated or expensive (canned and frozen veggies are just as good as fresh!). And third, as tempting as it is to get the latest nutrition information from Instagram and TikTok, dietitians are truly the nutrition experts and are so valuable in all healthcare sectors!<\/li>\n<\/ol>\n\n\n\n<p>7. <strong>What are your go-to easy meals?&nbsp;<\/strong>We eat a ton of pasta at home, and you can add different proteins like eggs or beans, loads of different vegetables and herbs to keep it interesting. I also love simple green salads, chicken wraps, and Japanese curries. My unbeatable go-to comfort meal, which is also a fan favourite of residents, is a grilled cheese and homemade soup!<\/p>\n<\/div>\n<\/div>\n\n\n\n<h6 class=\"wp-block-heading has-text-align-right\"><a href=\"https:\/\/app.simplycast.ca\/?q=lp\/show&amp;lp=xaQeKrDrZlNRXoll\">Join us at a career fair may 6-7 in howie centre <\/a><\/h6>\n\n\n\n<p><\/p>\n","protected":false},"excerpt":{"rendered":"<p>Food\u2014it\u2019s meant to be enjoyed. Dietitian&nbsp;Megan&nbsp;White shares her passion for [&hellip;]<\/p>\n","protected":false},"author":24,"featured_media":27540,"comment_status":"closed","ping_status":"open","sticky":false,"template":"","format":"standard","meta":{"_acf_changed":false,"inline_featured_image":false,"footnotes":""},"categories":[1,10],"tags":[],"class_list":["post-27537","post","type-post","status-publish","format-standard","has-post-thumbnail","hentry","category-news-announcements","category-great-people"],"acf":[],"yoast_head":"<!-- This site is optimized with the Yoast SEO plugin v27.3 - https:\/\/yoast.com\/product\/yoast-seo-wordpress\/ -->\n<title>Great People Feature: Megan White<\/title>\n<meta name=\"description\" content=\"Emily Dewar has taken on the role of General Manager at Moody Hall, after serving as Community Manager and Director of Care at Shannex.\" \/>\n<meta name=\"robots\" content=\"index, follow, max-snippet:-1, max-image-preview:large, max-video-preview:-1\" \/>\n<link rel=\"canonical\" href=\"https:\/\/shannex.com\/fr\/great-people\/meganwhite\/\" \/>\n<meta property=\"og:locale\" content=\"fr_FR\" \/>\n<meta property=\"og:type\" content=\"article\" \/>\n<meta property=\"og:title\" content=\"Great People Feature: Megan White\" \/>\n<meta property=\"og:description\" content=\"Emily Dewar has taken on the role of General Manager at Moody Hall, after serving as Community Manager and Director of Care at Shannex.\" \/>\n<meta property=\"og:url\" content=\"https:\/\/shannex.com\/fr\/great-people\/meganwhite\/\" \/>\n<meta property=\"og:site_name\" content=\"Shannex\" \/>\n<meta property=\"article:published_time\" content=\"2025-04-11T18:16:20+00:00\" \/>\n<meta property=\"article:modified_time\" content=\"2025-04-22T22:07:03+00:00\" \/>\n<meta property=\"og:image\" content=\"https:\/\/shannex.com\/wp-content\/uploads\/2025\/04\/Image-9-scaled.jpg\" \/>\n\t<meta property=\"og:image:width\" content=\"2560\" \/>\n\t<meta property=\"og:image:height\" content=\"1920\" \/>\n\t<meta property=\"og:image:type\" content=\"image\/jpeg\" \/>\n<meta name=\"author\" content=\"Laura Barrett\" \/>\n<meta name=\"twitter:card\" content=\"summary_large_image\" \/>\n<meta name=\"twitter:label1\" content=\"\u00c9crit par\" \/>\n\t<meta name=\"twitter:data1\" content=\"Laura Barrett\" \/>\n\t<meta name=\"twitter:label2\" content=\"Dur\u00e9e de lecture estim\u00e9e\" \/>\n\t<meta name=\"twitter:data2\" content=\"4 minutes\" \/>\n<script type=\"application\/ld+json\" class=\"yoast-schema-graph\">{\"@context\":\"https:\\\/\\\/schema.org\",\"@graph\":[{\"@type\":\"Article\",\"@id\":\"https:\\\/\\\/shannex.com\\\/fr\\\/great-people\\\/meganwhite\\\/#article\",\"isPartOf\":{\"@id\":\"https:\\\/\\\/shannex.com\\\/fr\\\/great-people\\\/meganwhite\\\/\"},\"author\":{\"name\":\"Laura Barrett\",\"@id\":\"https:\\\/\\\/shannex.com\\\/fr\\\/#\\\/schema\\\/person\\\/fa0061570ecca75146e79eb9b4630c13\"},\"headline\":\"Great People Feature: Megan White\",\"datePublished\":\"2025-04-11T18:16:20+00:00\",\"dateModified\":\"2025-04-22T22:07:03+00:00\",\"mainEntityOfPage\":{\"@id\":\"https:\\\/\\\/shannex.com\\\/fr\\\/great-people\\\/meganwhite\\\/\"},\"wordCount\":733,\"publisher\":{\"@id\":\"https:\\\/\\\/shannex.com\\\/fr\\\/#organization\"},\"image\":{\"@id\":\"https:\\\/\\\/shannex.com\\\/fr\\\/great-people\\\/meganwhite\\\/#primaryimage\"},\"thumbnailUrl\":\"https:\\\/\\\/shannex.com\\\/wp-content\\\/uploads\\\/2025\\\/04\\\/Image-9-scaled.jpg\",\"articleSection\":[\"News &amp; Announcements\",\"Great People\"],\"inLanguage\":\"fr-FR\"},{\"@type\":\"WebPage\",\"@id\":\"https:\\\/\\\/shannex.com\\\/fr\\\/great-people\\\/meganwhite\\\/\",\"url\":\"https:\\\/\\\/shannex.com\\\/fr\\\/great-people\\\/meganwhite\\\/\",\"name\":\"Great People Feature: Megan White\",\"isPartOf\":{\"@id\":\"https:\\\/\\\/shannex.com\\\/fr\\\/#website\"},\"primaryImageOfPage\":{\"@id\":\"https:\\\/\\\/shannex.com\\\/fr\\\/great-people\\\/meganwhite\\\/#primaryimage\"},\"image\":{\"@id\":\"https:\\\/\\\/shannex.com\\\/fr\\\/great-people\\\/meganwhite\\\/#primaryimage\"},\"thumbnailUrl\":\"https:\\\/\\\/shannex.com\\\/wp-content\\\/uploads\\\/2025\\\/04\\\/Image-9-scaled.jpg\",\"datePublished\":\"2025-04-11T18:16:20+00:00\",\"dateModified\":\"2025-04-22T22:07:03+00:00\",\"description\":\"Emily Dewar has taken on the role of General Manager at Moody Hall, after serving as Community Manager and Director of Care at Shannex.\",\"inLanguage\":\"fr-FR\",\"potentialAction\":[{\"@type\":\"ReadAction\",\"target\":[\"https:\\\/\\\/shannex.com\\\/fr\\\/great-people\\\/meganwhite\\\/\"]}]},{\"@type\":\"ImageObject\",\"inLanguage\":\"fr-FR\",\"@id\":\"https:\\\/\\\/shannex.com\\\/fr\\\/great-people\\\/meganwhite\\\/#primaryimage\",\"url\":\"https:\\\/\\\/shannex.com\\\/wp-content\\\/uploads\\\/2025\\\/04\\\/Image-9-scaled.jpg\",\"contentUrl\":\"https:\\\/\\\/shannex.com\\\/wp-content\\\/uploads\\\/2025\\\/04\\\/Image-9-scaled.jpg\",\"width\":2560,\"height\":1920},{\"@type\":\"WebSite\",\"@id\":\"https:\\\/\\\/shannex.com\\\/fr\\\/#website\",\"url\":\"https:\\\/\\\/shannex.com\\\/fr\\\/\",\"name\":\"Shannex\",\"description\":\"\",\"publisher\":{\"@id\":\"https:\\\/\\\/shannex.com\\\/fr\\\/#organization\"},\"potentialAction\":[{\"@type\":\"SearchAction\",\"target\":{\"@type\":\"EntryPoint\",\"urlTemplate\":\"https:\\\/\\\/shannex.com\\\/fr\\\/?s={search_term_string}\"},\"query-input\":{\"@type\":\"PropertyValueSpecification\",\"valueRequired\":true,\"valueName\":\"search_term_string\"}}],\"inLanguage\":\"fr-FR\"},{\"@type\":\"Organization\",\"@id\":\"https:\\\/\\\/shannex.com\\\/fr\\\/#organization\",\"name\":\"Shannex\",\"url\":\"https:\\\/\\\/shannex.com\\\/fr\\\/\",\"logo\":{\"@type\":\"ImageObject\",\"inLanguage\":\"fr-FR\",\"@id\":\"https:\\\/\\\/shannex.com\\\/fr\\\/#\\\/schema\\\/logo\\\/image\\\/\",\"url\":\"https:\\\/\\\/shannex.com\\\/wp-content\\\/uploads\\\/2022\\\/01\\\/shannex-logo.svg\",\"contentUrl\":\"https:\\\/\\\/shannex.com\\\/wp-content\\\/uploads\\\/2022\\\/01\\\/shannex-logo.svg\",\"width\":486,\"height\":91,\"caption\":\"Shannex\"},\"image\":{\"@id\":\"https:\\\/\\\/shannex.com\\\/fr\\\/#\\\/schema\\\/logo\\\/image\\\/\"}},{\"@type\":\"Person\",\"@id\":\"https:\\\/\\\/shannex.com\\\/fr\\\/#\\\/schema\\\/person\\\/fa0061570ecca75146e79eb9b4630c13\",\"name\":\"Laura Barrett\",\"image\":{\"@type\":\"ImageObject\",\"inLanguage\":\"fr-FR\",\"@id\":\"https:\\\/\\\/secure.gravatar.com\\\/avatar\\\/cfe0f81fc63a0573a693051ed9fd769a206229cd515378fbbe28c598c87b4859?s=96&d=mm&r=g\",\"url\":\"https:\\\/\\\/secure.gravatar.com\\\/avatar\\\/cfe0f81fc63a0573a693051ed9fd769a206229cd515378fbbe28c598c87b4859?s=96&d=mm&r=g\",\"contentUrl\":\"https:\\\/\\\/secure.gravatar.com\\\/avatar\\\/cfe0f81fc63a0573a693051ed9fd769a206229cd515378fbbe28c598c87b4859?s=96&d=mm&r=g\",\"caption\":\"Laura Barrett\"},\"url\":\"https:\\\/\\\/shannex.com\\\/fr\\\/author\\\/laura\\\/\"}]}<\/script>\n<!-- \/ Yoast SEO plugin. -->","yoast_head_json":{"title":"Great People Feature: Megan White","description":"Emily Dewar has taken on the role of General Manager at Moody Hall, after serving as Community Manager and Director of Care at Shannex.","robots":{"index":"index","follow":"follow","max-snippet":"max-snippet:-1","max-image-preview":"max-image-preview:large","max-video-preview":"max-video-preview:-1"},"canonical":"https:\/\/shannex.com\/fr\/great-people\/meganwhite\/","og_locale":"fr_FR","og_type":"article","og_title":"Great People Feature: Megan White","og_description":"Emily Dewar has taken on the role of General Manager at Moody Hall, after serving as Community Manager and Director of Care at Shannex.","og_url":"https:\/\/shannex.com\/fr\/great-people\/meganwhite\/","og_site_name":"Shannex","article_published_time":"2025-04-11T18:16:20+00:00","article_modified_time":"2025-04-22T22:07:03+00:00","og_image":[{"width":2560,"height":1920,"url":"https:\/\/shannex.com\/wp-content\/uploads\/2025\/04\/Image-9-scaled.jpg","type":"image\/jpeg"}],"author":"Laura Barrett","twitter_card":"summary_large_image","twitter_misc":{"\u00c9crit par":"Laura Barrett","Dur\u00e9e de lecture estim\u00e9e":"4 minutes"},"schema":{"@context":"https:\/\/schema.org","@graph":[{"@type":"Article","@id":"https:\/\/shannex.com\/fr\/great-people\/meganwhite\/#article","isPartOf":{"@id":"https:\/\/shannex.com\/fr\/great-people\/meganwhite\/"},"author":{"name":"Laura Barrett","@id":"https:\/\/shannex.com\/fr\/#\/schema\/person\/fa0061570ecca75146e79eb9b4630c13"},"headline":"Great People Feature: Megan White","datePublished":"2025-04-11T18:16:20+00:00","dateModified":"2025-04-22T22:07:03+00:00","mainEntityOfPage":{"@id":"https:\/\/shannex.com\/fr\/great-people\/meganwhite\/"},"wordCount":733,"publisher":{"@id":"https:\/\/shannex.com\/fr\/#organization"},"image":{"@id":"https:\/\/shannex.com\/fr\/great-people\/meganwhite\/#primaryimage"},"thumbnailUrl":"https:\/\/shannex.com\/wp-content\/uploads\/2025\/04\/Image-9-scaled.jpg","articleSection":["News &amp; Announcements","Great People"],"inLanguage":"fr-FR"},{"@type":"WebPage","@id":"https:\/\/shannex.com\/fr\/great-people\/meganwhite\/","url":"https:\/\/shannex.com\/fr\/great-people\/meganwhite\/","name":"Great People Feature: Megan White","isPartOf":{"@id":"https:\/\/shannex.com\/fr\/#website"},"primaryImageOfPage":{"@id":"https:\/\/shannex.com\/fr\/great-people\/meganwhite\/#primaryimage"},"image":{"@id":"https:\/\/shannex.com\/fr\/great-people\/meganwhite\/#primaryimage"},"thumbnailUrl":"https:\/\/shannex.com\/wp-content\/uploads\/2025\/04\/Image-9-scaled.jpg","datePublished":"2025-04-11T18:16:20+00:00","dateModified":"2025-04-22T22:07:03+00:00","description":"Emily Dewar has taken on the role of General Manager at Moody Hall, after serving as Community Manager and Director of Care at Shannex.","inLanguage":"fr-FR","potentialAction":[{"@type":"ReadAction","target":["https:\/\/shannex.com\/fr\/great-people\/meganwhite\/"]}]},{"@type":"ImageObject","inLanguage":"fr-FR","@id":"https:\/\/shannex.com\/fr\/great-people\/meganwhite\/#primaryimage","url":"https:\/\/shannex.com\/wp-content\/uploads\/2025\/04\/Image-9-scaled.jpg","contentUrl":"https:\/\/shannex.com\/wp-content\/uploads\/2025\/04\/Image-9-scaled.jpg","width":2560,"height":1920},{"@type":"WebSite","@id":"https:\/\/shannex.com\/fr\/#website","url":"https:\/\/shannex.com\/fr\/","name":"Shannex","description":"","publisher":{"@id":"https:\/\/shannex.com\/fr\/#organization"},"potentialAction":[{"@type":"SearchAction","target":{"@type":"EntryPoint","urlTemplate":"https:\/\/shannex.com\/fr\/?s={search_term_string}"},"query-input":{"@type":"PropertyValueSpecification","valueRequired":true,"valueName":"search_term_string"}}],"inLanguage":"fr-FR"},{"@type":"Organization","@id":"https:\/\/shannex.com\/fr\/#organization","name":"Shannex","url":"https:\/\/shannex.com\/fr\/","logo":{"@type":"ImageObject","inLanguage":"fr-FR","@id":"https:\/\/shannex.com\/fr\/#\/schema\/logo\/image\/","url":"https:\/\/shannex.com\/wp-content\/uploads\/2022\/01\/shannex-logo.svg","contentUrl":"https:\/\/shannex.com\/wp-content\/uploads\/2022\/01\/shannex-logo.svg","width":486,"height":91,"caption":"Shannex"},"image":{"@id":"https:\/\/shannex.com\/fr\/#\/schema\/logo\/image\/"}},{"@type":"Person","@id":"https:\/\/shannex.com\/fr\/#\/schema\/person\/fa0061570ecca75146e79eb9b4630c13","name":"Laura Barrett","image":{"@type":"ImageObject","inLanguage":"fr-FR","@id":"https:\/\/secure.gravatar.com\/avatar\/cfe0f81fc63a0573a693051ed9fd769a206229cd515378fbbe28c598c87b4859?s=96&d=mm&r=g","url":"https:\/\/secure.gravatar.com\/avatar\/cfe0f81fc63a0573a693051ed9fd769a206229cd515378fbbe28c598c87b4859?s=96&d=mm&r=g","contentUrl":"https:\/\/secure.gravatar.com\/avatar\/cfe0f81fc63a0573a693051ed9fd769a206229cd515378fbbe28c598c87b4859?s=96&d=mm&r=g","caption":"Laura Barrett"},"url":"https:\/\/shannex.com\/fr\/author\/laura\/"}]}},"_links":{"self":[{"href":"https:\/\/shannex.com\/fr\/wp-json\/wp\/v2\/posts\/27537","targetHints":{"allow":["GET"]}}],"collection":[{"href":"https:\/\/shannex.com\/fr\/wp-json\/wp\/v2\/posts"}],"about":[{"href":"https:\/\/shannex.com\/fr\/wp-json\/wp\/v2\/types\/post"}],"author":[{"embeddable":true,"href":"https:\/\/shannex.com\/fr\/wp-json\/wp\/v2\/users\/24"}],"replies":[{"embeddable":true,"href":"https:\/\/shannex.com\/fr\/wp-json\/wp\/v2\/comments?post=27537"}],"version-history":[{"count":0,"href":"https:\/\/shannex.com\/fr\/wp-json\/wp\/v2\/posts\/27537\/revisions"}],"wp:featuredmedia":[{"embeddable":true,"href":"https:\/\/shannex.com\/fr\/wp-json\/wp\/v2\/media\/27540"}],"wp:attachment":[{"href":"https:\/\/shannex.com\/fr\/wp-json\/wp\/v2\/media?parent=27537"}],"wp:term":[{"taxonomy":"category","embeddable":true,"href":"https:\/\/shannex.com\/fr\/wp-json\/wp\/v2\/categories?post=27537"},{"taxonomy":"post_tag","embeddable":true,"href":"https:\/\/shannex.com\/fr\/wp-json\/wp\/v2\/tags?post=27537"}],"curies":[{"name":"wp","href":"https:\/\/api.w.org\/{rel}","templated":true}]}}