{"id":27849,"date":"2025-05-01T09:08:39","date_gmt":"2025-05-01T13:08:39","guid":{"rendered":"https:\/\/shannex.com\/?p=27849"},"modified":"2025-05-05T08:16:01","modified_gmt":"2025-05-05T12:16:01","slug":"volunteer-of-the-year-nominee-nan-smith","status":"publish","type":"post","link":"https:\/\/shannex.com\/fr\/connections-magazine\/spring\/volunteer-of-the-year-nominee-nan-smith\/","title":{"rendered":"Volunteer of the Year Nominee Nan Smith"},"content":{"rendered":"\n<div class=\"wp-block-group is-layout-constrained wp-block-group-is-layout-constrained\">\n<div class=\"wp-block-columns is-layout-flex wp-container-core-columns-is-layout-28f84493 wp-block-columns-is-layout-flex\">\n<div class=\"wp-block-column is-layout-flow wp-block-column-is-layout-flow\">\n<h4 class=\"wp-block-heading\"><strong>Orchard Court<\/strong><\/h4>\n<\/div>\n<\/div>\n<\/div>\n\n\n\n<div style=\"height:25px\" aria-hidden=\"true\" class=\"wp-block-spacer\"><\/div>\n\n\n\n<div class=\"wp-block-columns is-layout-flex wp-container-core-columns-is-layout-28f84493 wp-block-columns-is-layout-flex\">\n<div class=\"wp-block-column is-layout-flow wp-block-column-is-layout-flow\" style=\"flex-basis:66.66%\">\n<p>Nan Smith, a Nominee for Volunteer of the Year through the Municipality of the County of Kings, is a devoted, compassionate, and innovative volunteer at Shannex Orchard Court in Kentville, N.S. Since retiring as an elementary school teacher, Nan has continued to dedicate herself to nurturing, supporting, and comforting others. At Orchard Court, she regularly assists with a variety of recreation programs, leads seasonal craft sessions, and provides materials for residents to create their own items. Nan\u2019s vibrant personality brings joy to everyone around her, and she also invites her Red Hat group to host special events for residents multiple times each year. Her invaluable contributions to the community have made a lasting impact.<\/p>\n\n\n\n<p>Lorlie Williams-Marschall, Recreation Assistant at Orchard Court, shared, \u201cWe are so very thankful to have Nan Smith as one of our dedicated and long-time volunteers. It was such a pleasure for management and team members to celebrate with her.\u201d<\/p>\n<\/div>\n\n\n\n<div class=\"wp-block-column is-layout-flow wp-block-column-is-layout-flow\" style=\"flex-basis:33.33%\">\n<figure class=\"wp-block-image size-large\"><img decoding=\"async\" width=\"768\" height=\"1024\" src=\"https:\/\/shannex.com\/wp-content\/uploads\/2025\/04\/Volunteer_Nominee_Nan_Smith-768x1024.png\" alt=\"\" class=\"wp-image-27850\" srcset=\"https:\/\/shannex.com\/wp-content\/uploads\/2025\/04\/Volunteer_Nominee_Nan_Smith-768x1024.png 768w, https:\/\/shannex.com\/wp-content\/uploads\/2025\/04\/Volunteer_Nominee_Nan_Smith-225x300.png 225w, https:\/\/shannex.com\/wp-content\/uploads\/2025\/04\/Volunteer_Nominee_Nan_Smith-1152x1536.png 1152w, https:\/\/shannex.com\/wp-content\/uploads\/2025\/04\/Volunteer_Nominee_Nan_Smith.png 1512w\" sizes=\"(max-width: 768px) 100vw, 768px\" \/><figcaption class=\"wp-element-caption\"><em><em>LorlieWilliams-Marschall, Jenna Swindell, Nan Smith and Nanette Velasco<\/em><br><\/em><\/figcaption><\/figure>\n<\/div>\n<\/div>\n\n\n\n<hr class=\"wp-block-separator has-alpha-channel-opacity\"\/>\n\n\n\n<div style=\"height:25px\" aria-hidden=\"true\" class=\"wp-block-spacer\"><\/div>\n","protected":false},"excerpt":{"rendered":"<p>Orchard Court Nan Smith, a Nominee for Volunteer of the [&hellip;]<\/p>\n","protected":false},"author":23,"featured_media":27850,"comment_status":"closed","ping_status":"open","sticky":false,"template":"","format":"standard","meta":{"_acf_changed":false,"inline_featured_image":false,"footnotes":""},"categories":[134],"tags":[],"class_list":["post-27849","post","type-post","status-publish","format-standard","has-post-thumbnail","hentry","category-spring"],"acf":[],"yoast_head":"<!-- This site is optimized with the Yoast SEO plugin v27.3 - https:\/\/yoast.com\/product\/yoast-seo-wordpress\/ -->\n<title>Volunteer of the Year Nominee Nan Smith<\/title>\n<meta name=\"robots\" content=\"index, follow, max-snippet:-1, max-image-preview:large, max-video-preview:-1\" \/>\n<link rel=\"canonical\" href=\"https:\/\/shannex.com\/fr\/connections-magazine\/spring\/volunteer-of-the-year-nominee-nan-smith\/\" \/>\n<meta property=\"og:locale\" content=\"fr_FR\" \/>\n<meta property=\"og:type\" content=\"article\" \/>\n<meta property=\"og:title\" content=\"Volunteer of the Year Nominee Nan Smith\" \/>\n<meta property=\"og:description\" content=\"Orchard Court Nan Smith, a Nominee for Volunteer of the [&hellip;]\" \/>\n<meta property=\"og:url\" content=\"https:\/\/shannex.com\/fr\/connections-magazine\/spring\/volunteer-of-the-year-nominee-nan-smith\/\" \/>\n<meta property=\"og:site_name\" content=\"Shannex\" \/>\n<meta property=\"article:published_time\" content=\"2025-05-01T13:08:39+00:00\" \/>\n<meta property=\"article:modified_time\" content=\"2025-05-05T12:16:01+00:00\" \/>\n<meta property=\"og:image\" content=\"https:\/\/shannex.com\/wp-content\/uploads\/2025\/04\/Volunteer_Nominee_Nan_Smith-768x1024.png\" \/>\n\t<meta property=\"og:image:width\" content=\"768\" \/>\n\t<meta property=\"og:image:height\" content=\"1024\" \/>\n\t<meta property=\"og:image:type\" content=\"image\/png\" \/>\n<meta name=\"author\" content=\"Caesar Ombayo\" \/>\n<meta name=\"twitter:card\" content=\"summary_large_image\" \/>\n<meta name=\"twitter:label1\" content=\"\u00c9crit par\" \/>\n\t<meta name=\"twitter:data1\" content=\"Caesar Ombayo\" \/>\n\t<meta name=\"twitter:label2\" content=\"Dur\u00e9e de lecture estim\u00e9e\" \/>\n\t<meta name=\"twitter:data2\" content=\"2 minutes\" \/>\n<script type=\"application\/ld+json\" class=\"yoast-schema-graph\">{\"@context\":\"https:\\\/\\\/schema.org\",\"@graph\":[{\"@type\":\"Article\",\"@id\":\"https:\\\/\\\/shannex.com\\\/fr\\\/connections-magazine\\\/spring\\\/volunteer-of-the-year-nominee-nan-smith\\\/#article\",\"isPartOf\":{\"@id\":\"https:\\\/\\\/shannex.com\\\/fr\\\/connections-magazine\\\/spring\\\/volunteer-of-the-year-nominee-nan-smith\\\/\"},\"author\":{\"name\":\"Caesar Ombayo\",\"@id\":\"https:\\\/\\\/shannex.com\\\/fr\\\/#\\\/schema\\\/person\\\/fba6f933fb1b40fb4b012650860bf78f\"},\"headline\":\"Volunteer of the Year Nominee Nan Smith\",\"datePublished\":\"2025-05-01T13:08:39+00:00\",\"dateModified\":\"2025-05-05T12:16:01+00:00\",\"mainEntityOfPage\":{\"@id\":\"https:\\\/\\\/shannex.com\\\/fr\\\/connections-magazine\\\/spring\\\/volunteer-of-the-year-nominee-nan-smith\\\/\"},\"wordCount\":172,\"publisher\":{\"@id\":\"https:\\\/\\\/shannex.com\\\/fr\\\/#organization\"},\"image\":{\"@id\":\"https:\\\/\\\/shannex.com\\\/fr\\\/connections-magazine\\\/spring\\\/volunteer-of-the-year-nominee-nan-smith\\\/#primaryimage\"},\"thumbnailUrl\":\"https:\\\/\\\/shannex.com\\\/wp-content\\\/uploads\\\/2025\\\/04\\\/Volunteer_Nominee_Nan_Smith.png\",\"articleSection\":[\"Spring 2025\"],\"inLanguage\":\"fr-FR\"},{\"@type\":\"WebPage\",\"@id\":\"https:\\\/\\\/shannex.com\\\/fr\\\/connections-magazine\\\/spring\\\/volunteer-of-the-year-nominee-nan-smith\\\/\",\"url\":\"https:\\\/\\\/shannex.com\\\/fr\\\/connections-magazine\\\/spring\\\/volunteer-of-the-year-nominee-nan-smith\\\/\",\"name\":\"Volunteer of the Year Nominee Nan Smith\",\"isPartOf\":{\"@id\":\"https:\\\/\\\/shannex.com\\\/fr\\\/#website\"},\"primaryImageOfPage\":{\"@id\":\"https:\\\/\\\/shannex.com\\\/fr\\\/connections-magazine\\\/spring\\\/volunteer-of-the-year-nominee-nan-smith\\\/#primaryimage\"},\"image\":{\"@id\":\"https:\\\/\\\/shannex.com\\\/fr\\\/connections-magazine\\\/spring\\\/volunteer-of-the-year-nominee-nan-smith\\\/#primaryimage\"},\"thumbnailUrl\":\"https:\\\/\\\/shannex.com\\\/wp-content\\\/uploads\\\/2025\\\/04\\\/Volunteer_Nominee_Nan_Smith.png\",\"datePublished\":\"2025-05-01T13:08:39+00:00\",\"dateModified\":\"2025-05-05T12:16:01+00:00\",\"inLanguage\":\"fr-FR\",\"potentialAction\":[{\"@type\":\"ReadAction\",\"target\":[\"https:\\\/\\\/shannex.com\\\/fr\\\/connections-magazine\\\/spring\\\/volunteer-of-the-year-nominee-nan-smith\\\/\"]}]},{\"@type\":\"ImageObject\",\"inLanguage\":\"fr-FR\",\"@id\":\"https:\\\/\\\/shannex.com\\\/fr\\\/connections-magazine\\\/spring\\\/volunteer-of-the-year-nominee-nan-smith\\\/#primaryimage\",\"url\":\"https:\\\/\\\/shannex.com\\\/wp-content\\\/uploads\\\/2025\\\/04\\\/Volunteer_Nominee_Nan_Smith.png\",\"contentUrl\":\"https:\\\/\\\/shannex.com\\\/wp-content\\\/uploads\\\/2025\\\/04\\\/Volunteer_Nominee_Nan_Smith.png\",\"width\":1512,\"height\":2016},{\"@type\":\"WebSite\",\"@id\":\"https:\\\/\\\/shannex.com\\\/fr\\\/#website\",\"url\":\"https:\\\/\\\/shannex.com\\\/fr\\\/\",\"name\":\"Shannex\",\"description\":\"\",\"publisher\":{\"@id\":\"https:\\\/\\\/shannex.com\\\/fr\\\/#organization\"},\"potentialAction\":[{\"@type\":\"SearchAction\",\"target\":{\"@type\":\"EntryPoint\",\"urlTemplate\":\"https:\\\/\\\/shannex.com\\\/fr\\\/?s={search_term_string}\"},\"query-input\":{\"@type\":\"PropertyValueSpecification\",\"valueRequired\":true,\"valueName\":\"search_term_string\"}}],\"inLanguage\":\"fr-FR\"},{\"@type\":\"Organization\",\"@id\":\"https:\\\/\\\/shannex.com\\\/fr\\\/#organization\",\"name\":\"Shannex\",\"url\":\"https:\\\/\\\/shannex.com\\\/fr\\\/\",\"logo\":{\"@type\":\"ImageObject\",\"inLanguage\":\"fr-FR\",\"@id\":\"https:\\\/\\\/shannex.com\\\/fr\\\/#\\\/schema\\\/logo\\\/image\\\/\",\"url\":\"https:\\\/\\\/shannex.com\\\/wp-content\\\/uploads\\\/2022\\\/01\\\/shannex-logo.svg\",\"contentUrl\":\"https:\\\/\\\/shannex.com\\\/wp-content\\\/uploads\\\/2022\\\/01\\\/shannex-logo.svg\",\"width\":486,\"height\":91,\"caption\":\"Shannex\"},\"image\":{\"@id\":\"https:\\\/\\\/shannex.com\\\/fr\\\/#\\\/schema\\\/logo\\\/image\\\/\"}},{\"@type\":\"Person\",\"@id\":\"https:\\\/\\\/shannex.com\\\/fr\\\/#\\\/schema\\\/person\\\/fba6f933fb1b40fb4b012650860bf78f\",\"name\":\"Caesar Ombayo\",\"image\":{\"@type\":\"ImageObject\",\"inLanguage\":\"fr-FR\",\"@id\":\"https:\\\/\\\/secure.gravatar.com\\\/avatar\\\/2d818fcecbb94e1098306b9aa013ca858045b1c15b580993c5b851fcfe83db61?s=96&d=mm&r=g\",\"url\":\"https:\\\/\\\/secure.gravatar.com\\\/avatar\\\/2d818fcecbb94e1098306b9aa013ca858045b1c15b580993c5b851fcfe83db61?s=96&d=mm&r=g\",\"contentUrl\":\"https:\\\/\\\/secure.gravatar.com\\\/avatar\\\/2d818fcecbb94e1098306b9aa013ca858045b1c15b580993c5b851fcfe83db61?s=96&d=mm&r=g\",\"caption\":\"Caesar Ombayo\"},\"url\":\"https:\\\/\\\/shannex.com\\\/fr\\\/author\\\/caesar\\\/\"}]}<\/script>\n<!-- \/ Yoast SEO plugin. -->","yoast_head_json":{"title":"Volunteer of the Year Nominee Nan Smith","robots":{"index":"index","follow":"follow","max-snippet":"max-snippet:-1","max-image-preview":"max-image-preview:large","max-video-preview":"max-video-preview:-1"},"canonical":"https:\/\/shannex.com\/fr\/connections-magazine\/spring\/volunteer-of-the-year-nominee-nan-smith\/","og_locale":"fr_FR","og_type":"article","og_title":"Volunteer of the Year Nominee Nan Smith","og_description":"Orchard Court Nan Smith, a Nominee for Volunteer of the [&hellip;]","og_url":"https:\/\/shannex.com\/fr\/connections-magazine\/spring\/volunteer-of-the-year-nominee-nan-smith\/","og_site_name":"Shannex","article_published_time":"2025-05-01T13:08:39+00:00","article_modified_time":"2025-05-05T12:16:01+00:00","og_image":[{"width":768,"height":1024,"url":"https:\/\/shannex.com\/wp-content\/uploads\/2025\/04\/Volunteer_Nominee_Nan_Smith-768x1024.png","type":"image\/png"}],"author":"Caesar Ombayo","twitter_card":"summary_large_image","twitter_misc":{"\u00c9crit par":"Caesar Ombayo","Dur\u00e9e de lecture estim\u00e9e":"2 minutes"},"schema":{"@context":"https:\/\/schema.org","@graph":[{"@type":"Article","@id":"https:\/\/shannex.com\/fr\/connections-magazine\/spring\/volunteer-of-the-year-nominee-nan-smith\/#article","isPartOf":{"@id":"https:\/\/shannex.com\/fr\/connections-magazine\/spring\/volunteer-of-the-year-nominee-nan-smith\/"},"author":{"name":"Caesar Ombayo","@id":"https:\/\/shannex.com\/fr\/#\/schema\/person\/fba6f933fb1b40fb4b012650860bf78f"},"headline":"Volunteer of the Year Nominee Nan Smith","datePublished":"2025-05-01T13:08:39+00:00","dateModified":"2025-05-05T12:16:01+00:00","mainEntityOfPage":{"@id":"https:\/\/shannex.com\/fr\/connections-magazine\/spring\/volunteer-of-the-year-nominee-nan-smith\/"},"wordCount":172,"publisher":{"@id":"https:\/\/shannex.com\/fr\/#organization"},"image":{"@id":"https:\/\/shannex.com\/fr\/connections-magazine\/spring\/volunteer-of-the-year-nominee-nan-smith\/#primaryimage"},"thumbnailUrl":"https:\/\/shannex.com\/wp-content\/uploads\/2025\/04\/Volunteer_Nominee_Nan_Smith.png","articleSection":["Spring 2025"],"inLanguage":"fr-FR"},{"@type":"WebPage","@id":"https:\/\/shannex.com\/fr\/connections-magazine\/spring\/volunteer-of-the-year-nominee-nan-smith\/","url":"https:\/\/shannex.com\/fr\/connections-magazine\/spring\/volunteer-of-the-year-nominee-nan-smith\/","name":"Volunteer of the Year Nominee Nan Smith","isPartOf":{"@id":"https:\/\/shannex.com\/fr\/#website"},"primaryImageOfPage":{"@id":"https:\/\/shannex.com\/fr\/connections-magazine\/spring\/volunteer-of-the-year-nominee-nan-smith\/#primaryimage"},"image":{"@id":"https:\/\/shannex.com\/fr\/connections-magazine\/spring\/volunteer-of-the-year-nominee-nan-smith\/#primaryimage"},"thumbnailUrl":"https:\/\/shannex.com\/wp-content\/uploads\/2025\/04\/Volunteer_Nominee_Nan_Smith.png","datePublished":"2025-05-01T13:08:39+00:00","dateModified":"2025-05-05T12:16:01+00:00","inLanguage":"fr-FR","potentialAction":[{"@type":"ReadAction","target":["https:\/\/shannex.com\/fr\/connections-magazine\/spring\/volunteer-of-the-year-nominee-nan-smith\/"]}]},{"@type":"ImageObject","inLanguage":"fr-FR","@id":"https:\/\/shannex.com\/fr\/connections-magazine\/spring\/volunteer-of-the-year-nominee-nan-smith\/#primaryimage","url":"https:\/\/shannex.com\/wp-content\/uploads\/2025\/04\/Volunteer_Nominee_Nan_Smith.png","contentUrl":"https:\/\/shannex.com\/wp-content\/uploads\/2025\/04\/Volunteer_Nominee_Nan_Smith.png","width":1512,"height":2016},{"@type":"WebSite","@id":"https:\/\/shannex.com\/fr\/#website","url":"https:\/\/shannex.com\/fr\/","name":"Shannex","description":"","publisher":{"@id":"https:\/\/shannex.com\/fr\/#organization"},"potentialAction":[{"@type":"SearchAction","target":{"@type":"EntryPoint","urlTemplate":"https:\/\/shannex.com\/fr\/?s={search_term_string}"},"query-input":{"@type":"PropertyValueSpecification","valueRequired":true,"valueName":"search_term_string"}}],"inLanguage":"fr-FR"},{"@type":"Organization","@id":"https:\/\/shannex.com\/fr\/#organization","name":"Shannex","url":"https:\/\/shannex.com\/fr\/","logo":{"@type":"ImageObject","inLanguage":"fr-FR","@id":"https:\/\/shannex.com\/fr\/#\/schema\/logo\/image\/","url":"https:\/\/shannex.com\/wp-content\/uploads\/2022\/01\/shannex-logo.svg","contentUrl":"https:\/\/shannex.com\/wp-content\/uploads\/2022\/01\/shannex-logo.svg","width":486,"height":91,"caption":"Shannex"},"image":{"@id":"https:\/\/shannex.com\/fr\/#\/schema\/logo\/image\/"}},{"@type":"Person","@id":"https:\/\/shannex.com\/fr\/#\/schema\/person\/fba6f933fb1b40fb4b012650860bf78f","name":"Caesar Ombayo","image":{"@type":"ImageObject","inLanguage":"fr-FR","@id":"https:\/\/secure.gravatar.com\/avatar\/2d818fcecbb94e1098306b9aa013ca858045b1c15b580993c5b851fcfe83db61?s=96&d=mm&r=g","url":"https:\/\/secure.gravatar.com\/avatar\/2d818fcecbb94e1098306b9aa013ca858045b1c15b580993c5b851fcfe83db61?s=96&d=mm&r=g","contentUrl":"https:\/\/secure.gravatar.com\/avatar\/2d818fcecbb94e1098306b9aa013ca858045b1c15b580993c5b851fcfe83db61?s=96&d=mm&r=g","caption":"Caesar Ombayo"},"url":"https:\/\/shannex.com\/fr\/author\/caesar\/"}]}},"_links":{"self":[{"href":"https:\/\/shannex.com\/fr\/wp-json\/wp\/v2\/posts\/27849","targetHints":{"allow":["GET"]}}],"collection":[{"href":"https:\/\/shannex.com\/fr\/wp-json\/wp\/v2\/posts"}],"about":[{"href":"https:\/\/shannex.com\/fr\/wp-json\/wp\/v2\/types\/post"}],"author":[{"embeddable":true,"href":"https:\/\/shannex.com\/fr\/wp-json\/wp\/v2\/users\/23"}],"replies":[{"embeddable":true,"href":"https:\/\/shannex.com\/fr\/wp-json\/wp\/v2\/comments?post=27849"}],"version-history":[{"count":0,"href":"https:\/\/shannex.com\/fr\/wp-json\/wp\/v2\/posts\/27849\/revisions"}],"wp:featuredmedia":[{"embeddable":true,"href":"https:\/\/shannex.com\/fr\/wp-json\/wp\/v2\/media\/27850"}],"wp:attachment":[{"href":"https:\/\/shannex.com\/fr\/wp-json\/wp\/v2\/media?parent=27849"}],"wp:term":[{"taxonomy":"category","embeddable":true,"href":"https:\/\/shannex.com\/fr\/wp-json\/wp\/v2\/categories?post=27849"},{"taxonomy":"post_tag","embeddable":true,"href":"https:\/\/shannex.com\/fr\/wp-json\/wp\/v2\/tags?post=27849"}],"curies":[{"name":"wp","href":"https:\/\/api.w.org\/{rel}","templated":true}]}}