{"id":30055,"date":"2025-07-29T07:58:52","date_gmt":"2025-07-29T11:58:52","guid":{"rendered":"https:\/\/shannex.com\/?p=30055"},"modified":"2025-07-29T09:35:20","modified_gmt":"2025-07-29T13:35:20","slug":"jean-and-mabel-maplestone","status":"publish","type":"post","link":"https:\/\/shannex.com\/fr\/news-announcements\/jean-and-mabel-maplestone\/","title":{"rendered":"A Bond Beyond Words: Jean &amp; Mabel\u2019s Unspoken Friendship"},"content":{"rendered":"\n<p class=\"has-text-align-center\"><em>Celebrating International Friendship Day at Ringdale Court, Maplestone Enhanced Care<\/em><\/p>\n\n\n\n<div style=\"height:18px\" aria-hidden=\"true\" class=\"wp-block-spacer\"><\/div>\n\n\n\n<div class=\"wp-block-columns is-layout-flex wp-container-core-columns-is-layout-28f84493 wp-block-columns-is-layout-flex\">\n<div class=\"wp-block-column is-layout-flow wp-block-column-is-layout-flow\">\n<figure class=\"wp-block-image size-full\"><img decoding=\"async\" width=\"600\" height=\"800\" src=\"https:\/\/shannex.com\/wp-content\/uploads\/2025\/07\/MEC_Jean-Bourgeois-Mabel-Canning-2.jpg\" alt=\"two older female adults on a wheelchair, holding hands side by side\" class=\"wp-image-30060\" style=\"aspect-ratio:1;object-fit:cover\" srcset=\"https:\/\/shannex.com\/wp-content\/uploads\/2025\/07\/MEC_Jean-Bourgeois-Mabel-Canning-2.jpg 600w, https:\/\/shannex.com\/wp-content\/uploads\/2025\/07\/MEC_Jean-Bourgeois-Mabel-Canning-2-225x300.jpg 225w\" sizes=\"(max-width: 600px) 100vw, 600px\" \/><\/figure>\n<\/div>\n\n\n\n<div class=\"wp-block-column is-layout-flow wp-block-column-is-layout-flow\">\n<p class=\"has-text-align-left\">In the quiet, welcoming halls of Ringdale Court at Maplestone Enhanced Care, a special kind of friendship has taken root. One that doesn\u2019t rely on words, but instead lives in gestures, glances, shared routines, and the silent language of deep connection.<\/p>\n\n\n\n<p class=\"has-text-align-left\"><br>Jean Bourgeois and Mabel Canning moved in at Maplestone one year apart. Jean in 2021 and Mabel followed in 2022. Though they arrived at different times and were not roommates, something between them clicked instantly. Staff recall it clearly. There is an invisible thread that seemed to pull them together.<\/p>\n\n\n\n<p class=\"has-text-align-left\"><br>\u201cIt was immediate,\u201d said Darlene Hornbuckle, Administrative Coordinator at Maplestone Enhanced Care. \u201cThey didn\u2019t need an introduction. They just found each other. And from that day forward, they were side by side.\u201d<\/p>\n\n\n\n<p class=\"has-text-align-left\"><br>Over time, Jean and Mabel\u2019s bond has become one of the most visible and celebrated connections at Maplestone Enhanced Care. You\u2019ll often see them moving side-by-side through the halls, exploring the common areas, sharing a moment during recreation activities, or simply sitting together. They are hand in hand, content and happy.<\/p>\n<\/div>\n<\/div>\n\n\n\n<div class=\"wp-block-columns is-layout-flex wp-container-core-columns-is-layout-28f84493 wp-block-columns-is-layout-flex\">\n<div class=\"wp-block-column is-layout-flow wp-block-column-is-layout-flow\" style=\"flex-basis:100%\">\n<p class=\"has-text-align-left\">Their connection might appear quiet to an outsider, but to those who know them, it\u2019s vibrant and powerful. Theirs is a friendship that reveals itself in small but meaningful ways: the light in Mabel\u2019s eyes when she sees Jean, the gentle way Jean encourages Mabel to join in on group programs, the near-constant physical closeness between them that says more than words ever could.<\/p>\n\n\n\n<p class=\"has-text-align-left\"><br>\u201cThere\u2019s this sense of comfort when they\u2019re together,\u201d Beth McLellan, Resident &amp; Family Service Coordinator, added. \u201cThey don\u2019t speak, but they don\u2019t need to. You feel their bond when you see them. It\u2019s just\u2026 natural. Heartfelt. It\u2019s a kind of love that speaks through presence.\u201d<\/p>\n\n\n\n<h2 class=\"wp-block-heading has-text-align-left\"><br>The Day-to-Day of a Deep Connection<\/h2>\n<\/div>\n<\/div>\n\n\n\n<div class=\"wp-block-columns is-layout-flex wp-container-core-columns-is-layout-28f84493 wp-block-columns-is-layout-flex\">\n<div class=\"wp-block-column is-layout-flow wp-block-column-is-layout-flow\" style=\"flex-basis:50%\">\n<p class=\"has-text-align-left\">Friendship in long-term care can look different for everyone. For Jean and Mabel, it\u2019s in the routines: meals shared together, music enjoyed as a pair, quiet hours exploring the halls side by side. While others might socialize through conversation or storytelling, Jean and Mabel communicate through intuition and consistency. They just know each other.<\/p>\n\n\n\n<p>Emma Campbell, Recreation Programmer, has witnessed countless moments that show the strength of their relationship. \u201cJean is really wonderful at encouraging Mabel. If we have an activity going on, she\u2019ll wait for Mabel to come. And if Mabel seems unsure or needs a little nudge, Jean is right there reassuring in her own way.\u201d<\/p>\n\n\n\n<p class=\"has-text-align-left\">Even during the more structured programs like music therapy, art sessions, or gentle fitness exercises. Jean and Mabel are each other\u2019s companion. Not because they have to be, but because they choose to be. Their bond is a source of comfort, of joy, and of confidence.<\/p>\n\n\n\n<p>The staff also noticed it instantly and affectionately refer to them as \u201cthe twins.\u201d Their closeness has become a defining and heartwarming presence in the community. And if one is seen without the other, someone always asks, \u201cWhere\u2019s the other one?\u201d<\/p>\n<\/div>\n\n\n\n<div class=\"wp-block-column is-layout-flow wp-block-column-is-layout-flow\" style=\"flex-basis:50%\">\n<figure class=\"wp-block-image aligncenter size-full\"><img decoding=\"async\" width=\"768\" height=\"1024\" src=\"https:\/\/shannex.com\/wp-content\/uploads\/2025\/07\/MEC_Jean-Bourgeois-Mabel-Canning-1.jpg\" alt=\"two older female adults on a wheelchair, holding hands side by side\" class=\"wp-image-30058\" style=\"aspect-ratio:1;object-fit:cover\" srcset=\"https:\/\/shannex.com\/wp-content\/uploads\/2025\/07\/MEC_Jean-Bourgeois-Mabel-Canning-1.jpg 768w, https:\/\/shannex.com\/wp-content\/uploads\/2025\/07\/MEC_Jean-Bourgeois-Mabel-Canning-1-225x300.jpg 225w\" sizes=\"(max-width: 768px) 100vw, 768px\" \/><\/figure>\n<\/div>\n<\/div>\n\n\n\n<h2 class=\"wp-block-heading\">Family Bonds that Extend Beyond Blood<\/h2>\n\n\n\n<div class=\"wp-block-columns is-layout-flex wp-container-core-columns-is-layout-28f84493 wp-block-columns-is-layout-flex\">\n<div class=\"wp-block-column is-layout-flow wp-block-column-is-layout-flow\" style=\"flex-basis:50%\">\n<figure class=\"wp-block-image aligncenter size-full\"><img decoding=\"async\" width=\"768\" height=\"1024\" src=\"https:\/\/shannex.com\/wp-content\/uploads\/2025\/07\/MEC_Jean-Bourgeois-Mabel-Canning-3.jpg\" alt=\"two older female adults on a wheelchair, holding hands side by side\" class=\"wp-image-30056\" style=\"aspect-ratio:1;object-fit:cover\" srcset=\"https:\/\/shannex.com\/wp-content\/uploads\/2025\/07\/MEC_Jean-Bourgeois-Mabel-Canning-3.jpg 768w, https:\/\/shannex.com\/wp-content\/uploads\/2025\/07\/MEC_Jean-Bourgeois-Mabel-Canning-3-225x300.jpg 225w\" sizes=\"(max-width: 768px) 100vw, 768px\" \/><\/figure>\n<\/div>\n\n\n\n<div class=\"wp-block-column is-layout-flow wp-block-column-is-layout-flow\" style=\"flex-basis:50%\">\n<p class=\"has-text-align-left\"><br>What makes Jean and Mabel\u2019s friendship even more touching is the way it has brought their families together.<\/p>\n\n\n\n<p class=\"has-text-align-left\"><br>During a recent visit, Mabel\u2019s son was seen guiding both women through the halls, smiling as they moved together from room to room. At one point, he turned to a staff and said, \u201cI feel like I have two moms now.\u201d<\/p>\n\n\n\n<p class=\"has-text-align-left\"><br>It\u2019s a sentiment that touched everyone deeply.<\/p>\n\n\n\n<p class=\"has-text-align-left\"><br>\u201cThat moment really stayed with us,\u201d said Darlene. \u201cIt wasn\u2019t something rehearsed or said for attention. It was just honest. You could tell it came from a place of love and appreciation for the relationship his mother has built here.\u201d<\/p>\n\n\n\n<p class=\"has-text-align-left\"><br>This merging of families is not uncommon in long-term care settings, but it\u2019s always special. As people age and life circumstances shift, the relationships they form in their communities become as important as the ones they\u2019ve had all their lives. Jean and Mabel\u2019s story is a beautiful example of how new, deeply meaningful bonds can be formed in later years and how those bonds can bring comfort not just to the individuals, but to their loved ones as well.<\/p>\n<\/div>\n<\/div>\n\n\n\n<h2 class=\"wp-block-heading has-text-align-left\">Friendship and Healthy Aging<\/h2>\n\n\n\n<p class=\"has-text-align-left\"><br>Friendship plays an essential role in our overall well-being at every stage of life, but it becomes especially critical as we age. Social connection is strongly linked to mental and physical health in older adults and a growing body of Canadian research supports this.<\/p>\n\n\n\n<p class=\"has-text-align-left\"><br>According to the <a href=\"https:\/\/ccsmh.ca\/areas-of-focus\/social-isolation-and-loneliness\/older-adults-and-care-partners\/\">Canadian Coalition for Seniors\u2019 Mental Health (CCSMH)<\/a>, loneliness and social isolation are key risk factors for depression in older adults. Seniors who lack meaningful social ties are also at greater risk of cognitive decline, chronic illness, and even premature death. On the flip side, strong friendships and social networks have been shown to improve quality of life, reduce stress, and boost immune function.<\/p>\n\n\n\n<p class=\"has-text-align-left\"><br>According to a report by <a href=\"https:\/\/alzheimer.ca\/en\/help-support\/im-living-dementia\/living-well-dementia\/staying-socially-connected\">Alzheimer Society<\/a>, staying socially active and maintaining supportive relationships are essential for mental well-being in later life. These connections serve as protective factors, helping to prevent depression and slow the progression of conditions such as dementia.<br>Meaningful friendships like Jean and Mabel\u2019s offer more than emotional support. They offer structure, companionship, and motivation to stay engaged. These small, everyday moments which are going to activities, enjoying a meal together, or simply sitting in quiet companionship. They play a big role in creating a sense of purpose and belonging.<\/p>\n\n\n\n<h2 class=\"wp-block-heading has-text-align-left\"><br>A Culture That Supports Connection<\/h2>\n\n\n\n<p class=\"has-text-align-left\"><br>Shannex is committed to building communities where older adults can live with purpose and dignity. As part of this commitment, social wellness is one of the key focus areas of resident programming.<\/p>\n\n\n\n<p class=\"has-text-align-left\"><br>At Maplestone Enhanced Care, staff go above and beyond to support friendship, inclusion, and social connection. From the moment a new resident arrives, they are welcomed into a community that values each individual\u2019s preferences and unique personality. Residents are encouraged to take part in recreation programs, music therapy, games, spiritual services, and more.<\/p>\n\n\n\n<p><\/p>\n\n\n\n<h6 class=\"wp-block-heading\"><strong>The efforts are paying off. According to the most recent 2024 Quality of Life Survey:<\/strong><\/h6>\n\n\n\n<blockquote class=\"wp-block-quote is-layout-flow wp-block-quote-is-layout-flow\">\n<p>&#8211; 57.78% of residents at Maplestone Enhanced Care say another resident is their close friend (up from 46.30% in 2023)<br>&#8211; 51.72% say it\u2019s easy to make friends at Maplestone (up from 46.91% in 2023)<br>&#8211; 60.92% consider a team member their close friend<\/p>\n<\/blockquote>\n\n\n\n<p class=\"has-text-align-left\"><br>These numbers are more than just data. They represent the environment Shannex strives to create. They reflect a culture that supports emotional wellness, encourages connection, and recognizes the incredible value of social bonds in every stage of life.<\/p>\n\n\n\n<p class=\"has-text-align-left\"><br>Jean and Mabel\u2019s story brings these numbers to life. Their friendship has become a symbol of what is possible when people feel safe, supported, and seen.<\/p>\n\n\n\n<h2 class=\"wp-block-heading has-text-align-left\">More Than Companionship. It is a Source of Strength<\/h2>\n\n\n\n<p class=\"has-text-align-left\"><br>There is a quiet strength in Jean and Mabel\u2019s relationship. They support one another, encourage participation, and bring out the best in each other. While their connection may not be expressed in the typical ways, it is no less deep. If anything, it may be even more profound because of its simplicity.<br>\u201cIt\u2019s genuine,\u201d said Darlene. \u201cYou don\u2019t need to explain it, and they don\u2019t need to perform it. They just are, and that\u2019s what makes it so moving.\u201d<\/p>\n\n\n\n<p class=\"has-text-align-left\"><br>Staffs agree that their bond contributes to the overall spirit of the whole community of Maplestone Enhanced Care. It\u2019s a reminder that love, in all its forms, continues to flourish throughout life and that friendship is just as vital remains as powerful in our later years as it was in our bold beginnings.<br>\u201cEvery time I see them together,\u201d Darlene added, \u201cI\u2019m reminded why we do this work. Seeing that kind of connection, it fills your heart.\u201d<\/p>\n\n\n\n<h2 class=\"wp-block-heading has-text-align-left\">A Celebration of Connection<\/h2>\n\n\n\n<p class=\"has-text-align-left\"><br>This International Friendship Day, Shannex is proud to celebrate the story of Jean and Mabel. A reminder that human connection is not bound by age, circumstance, or even words.<\/p>\n\n\n\n<p class=\"has-text-align-left\"><br>Their friendship is a testament to the quiet ways we care for one another. It shows us that presence can be more powerful than speech, and that love, however it\u2019s expressed can be felt deeply, shared openly, and cherished at any stage of life.<\/p>\n\n\n\n<p class=\"has-text-align-left\"><br>As we reflect on the relationships that bring us comfort, joy, and meaning, may we all be inspired by Jean and Mabel. Their bond, their laughter, their hand-in-hand journeys through the day and may we continue building communities where every resident has the opportunity to find their person, their joy, and their sense of belonging.<\/p>\n\n\n\n<div style=\"height:60px\" aria-hidden=\"true\" class=\"wp-block-spacer\"><\/div>\n\n\n<div class=\"aligncenter wp-block-site-logo\"><a href=\"https:\/\/shannex.com\/fr\/\" class=\"custom-logo-link\" rel=\"home\"><img decoding=\"async\" width=\"261\" height=\"48\" src=\"https:\/\/shannex.com\/wp-content\/uploads\/2022\/01\/shannex-logo.svg\" class=\"custom-logo\" alt=\"Shannex logo with name spelt in blue coloured font and arrow portion of the letter x in dark blue\" \/><\/a><\/div>","protected":false},"excerpt":{"rendered":"<p>Celebrating International Friendship Day at Ringdale Court, Maplestone Enhanced Care [&hellip;]<\/p>\n","protected":false},"author":34,"featured_media":30060,"comment_status":"closed","ping_status":"open","sticky":false,"template":"","format":"standard","meta":{"_acf_changed":false,"inline_featured_image":false,"footnotes":""},"categories":[1],"tags":[114,139,140],"class_list":["post-30055","post","type-post","status-publish","format-standard","has-post-thumbnail","hentry","category-news-announcements","tag-long-term-care","tag-enhanced-care","tag-maplestone"],"acf":[],"yoast_head":"<!-- This site is optimized with the Yoast SEO plugin v27.3 - https:\/\/yoast.com\/product\/yoast-seo-wordpress\/ -->\n<title>Jean &amp; Mabel\u2019s Friendship at Maplestone Enhanced Care<\/title>\n<meta name=\"description\" content=\"A touching story of Jean and Mabel\u2014two nursing home residents whose silent friendship shows the deep power of connection in senior care communities.\" \/>\n<meta name=\"robots\" content=\"index, follow, max-snippet:-1, max-image-preview:large, max-video-preview:-1\" \/>\n<link rel=\"canonical\" href=\"https:\/\/shannex.com\/fr\/news-announcements\/jean-and-mabel-maplestone\/\" \/>\n<meta property=\"og:locale\" content=\"fr_FR\" \/>\n<meta property=\"og:type\" content=\"article\" \/>\n<meta property=\"og:title\" content=\"Jean &amp; Mabel\u2019s Friendship at Maplestone Enhanced Care\" \/>\n<meta property=\"og:description\" content=\"A touching story of Jean and Mabel\u2014two nursing home residents whose silent friendship shows the deep power of connection in senior care communities.\" \/>\n<meta property=\"og:url\" content=\"https:\/\/shannex.com\/fr\/news-announcements\/jean-and-mabel-maplestone\/\" \/>\n<meta property=\"og:site_name\" content=\"Shannex\" \/>\n<meta property=\"article:published_time\" content=\"2025-07-29T11:58:52+00:00\" \/>\n<meta property=\"article:modified_time\" content=\"2025-07-29T13:35:20+00:00\" \/>\n<meta property=\"og:image\" content=\"https:\/\/shannex.com\/wp-content\/uploads\/2025\/07\/MEC_Jean-Bourgeois-Mabel-Canning-2.jpg\" \/>\n\t<meta property=\"og:image:width\" content=\"600\" \/>\n\t<meta property=\"og:image:height\" content=\"800\" \/>\n\t<meta property=\"og:image:type\" content=\"image\/jpeg\" \/>\n<meta name=\"author\" content=\"Mayka Villflor\" \/>\n<meta name=\"twitter:card\" content=\"summary_large_image\" \/>\n<meta name=\"twitter:label1\" content=\"\u00c9crit par\" \/>\n\t<meta name=\"twitter:data1\" content=\"Mayka Villflor\" \/>\n\t<meta name=\"twitter:label2\" content=\"Dur\u00e9e de lecture estim\u00e9e\" \/>\n\t<meta name=\"twitter:data2\" content=\"7 minutes\" \/>\n<script type=\"application\/ld+json\" class=\"yoast-schema-graph\">{\"@context\":\"https:\\\/\\\/schema.org\",\"@graph\":[{\"@type\":\"Article\",\"@id\":\"https:\\\/\\\/shannex.com\\\/fr\\\/news-announcements\\\/jean-and-mabel-maplestone\\\/#article\",\"isPartOf\":{\"@id\":\"https:\\\/\\\/shannex.com\\\/fr\\\/news-announcements\\\/jean-and-mabel-maplestone\\\/\"},\"author\":{\"name\":\"Mayka Villflor\",\"@id\":\"https:\\\/\\\/shannex.com\\\/fr\\\/#\\\/schema\\\/person\\\/69f4de569c2148a8b9daa318412a3ca1\"},\"headline\":\"A Bond Beyond Words: Jean &amp; Mabel\u2019s Unspoken Friendship\",\"datePublished\":\"2025-07-29T11:58:52+00:00\",\"dateModified\":\"2025-07-29T13:35:20+00:00\",\"mainEntityOfPage\":{\"@id\":\"https:\\\/\\\/shannex.com\\\/fr\\\/news-announcements\\\/jean-and-mabel-maplestone\\\/\"},\"wordCount\":1437,\"publisher\":{\"@id\":\"https:\\\/\\\/shannex.com\\\/fr\\\/#organization\"},\"image\":{\"@id\":\"https:\\\/\\\/shannex.com\\\/fr\\\/news-announcements\\\/jean-and-mabel-maplestone\\\/#primaryimage\"},\"thumbnailUrl\":\"https:\\\/\\\/shannex.com\\\/wp-content\\\/uploads\\\/2025\\\/07\\\/MEC_Jean-Bourgeois-Mabel-Canning-2.jpg\",\"keywords\":[\"Long Term Care\",\"enhanced care\",\"maplestone\"],\"articleSection\":[\"News &amp; Announcements\"],\"inLanguage\":\"fr-FR\"},{\"@type\":\"WebPage\",\"@id\":\"https:\\\/\\\/shannex.com\\\/fr\\\/news-announcements\\\/jean-and-mabel-maplestone\\\/\",\"url\":\"https:\\\/\\\/shannex.com\\\/fr\\\/news-announcements\\\/jean-and-mabel-maplestone\\\/\",\"name\":\"Jean & Mabel\u2019s Friendship at Maplestone Enhanced Care\",\"isPartOf\":{\"@id\":\"https:\\\/\\\/shannex.com\\\/fr\\\/#website\"},\"primaryImageOfPage\":{\"@id\":\"https:\\\/\\\/shannex.com\\\/fr\\\/news-announcements\\\/jean-and-mabel-maplestone\\\/#primaryimage\"},\"image\":{\"@id\":\"https:\\\/\\\/shannex.com\\\/fr\\\/news-announcements\\\/jean-and-mabel-maplestone\\\/#primaryimage\"},\"thumbnailUrl\":\"https:\\\/\\\/shannex.com\\\/wp-content\\\/uploads\\\/2025\\\/07\\\/MEC_Jean-Bourgeois-Mabel-Canning-2.jpg\",\"datePublished\":\"2025-07-29T11:58:52+00:00\",\"dateModified\":\"2025-07-29T13:35:20+00:00\",\"description\":\"A touching story of Jean and Mabel\u2014two nursing home residents whose silent friendship shows the deep power of connection in senior care communities.\",\"inLanguage\":\"fr-FR\",\"potentialAction\":[{\"@type\":\"ReadAction\",\"target\":[\"https:\\\/\\\/shannex.com\\\/fr\\\/news-announcements\\\/jean-and-mabel-maplestone\\\/\"]}]},{\"@type\":\"ImageObject\",\"inLanguage\":\"fr-FR\",\"@id\":\"https:\\\/\\\/shannex.com\\\/fr\\\/news-announcements\\\/jean-and-mabel-maplestone\\\/#primaryimage\",\"url\":\"https:\\\/\\\/shannex.com\\\/wp-content\\\/uploads\\\/2025\\\/07\\\/MEC_Jean-Bourgeois-Mabel-Canning-2.jpg\",\"contentUrl\":\"https:\\\/\\\/shannex.com\\\/wp-content\\\/uploads\\\/2025\\\/07\\\/MEC_Jean-Bourgeois-Mabel-Canning-2.jpg\",\"width\":600,\"height\":800,\"caption\":\"two older female adults on a wheelchair, holding hands side by side\"},{\"@type\":\"WebSite\",\"@id\":\"https:\\\/\\\/shannex.com\\\/fr\\\/#website\",\"url\":\"https:\\\/\\\/shannex.com\\\/fr\\\/\",\"name\":\"Shannex\",\"description\":\"\",\"publisher\":{\"@id\":\"https:\\\/\\\/shannex.com\\\/fr\\\/#organization\"},\"potentialAction\":[{\"@type\":\"SearchAction\",\"target\":{\"@type\":\"EntryPoint\",\"urlTemplate\":\"https:\\\/\\\/shannex.com\\\/fr\\\/?s={search_term_string}\"},\"query-input\":{\"@type\":\"PropertyValueSpecification\",\"valueRequired\":true,\"valueName\":\"search_term_string\"}}],\"inLanguage\":\"fr-FR\"},{\"@type\":\"Organization\",\"@id\":\"https:\\\/\\\/shannex.com\\\/fr\\\/#organization\",\"name\":\"Shannex\",\"url\":\"https:\\\/\\\/shannex.com\\\/fr\\\/\",\"logo\":{\"@type\":\"ImageObject\",\"inLanguage\":\"fr-FR\",\"@id\":\"https:\\\/\\\/shannex.com\\\/fr\\\/#\\\/schema\\\/logo\\\/image\\\/\",\"url\":\"https:\\\/\\\/shannex.com\\\/wp-content\\\/uploads\\\/2022\\\/01\\\/shannex-logo.svg\",\"contentUrl\":\"https:\\\/\\\/shannex.com\\\/wp-content\\\/uploads\\\/2022\\\/01\\\/shannex-logo.svg\",\"width\":486,\"height\":91,\"caption\":\"Shannex\"},\"image\":{\"@id\":\"https:\\\/\\\/shannex.com\\\/fr\\\/#\\\/schema\\\/logo\\\/image\\\/\"}},{\"@type\":\"Person\",\"@id\":\"https:\\\/\\\/shannex.com\\\/fr\\\/#\\\/schema\\\/person\\\/69f4de569c2148a8b9daa318412a3ca1\",\"name\":\"Mayka Villflor\",\"image\":{\"@type\":\"ImageObject\",\"inLanguage\":\"fr-FR\",\"@id\":\"https:\\\/\\\/secure.gravatar.com\\\/avatar\\\/ab2f281be1a3063e06096e0e65ed4e3fdc2e530978dda7dbe166402fcc465f6a?s=96&d=mm&r=g\",\"url\":\"https:\\\/\\\/secure.gravatar.com\\\/avatar\\\/ab2f281be1a3063e06096e0e65ed4e3fdc2e530978dda7dbe166402fcc465f6a?s=96&d=mm&r=g\",\"contentUrl\":\"https:\\\/\\\/secure.gravatar.com\\\/avatar\\\/ab2f281be1a3063e06096e0e65ed4e3fdc2e530978dda7dbe166402fcc465f6a?s=96&d=mm&r=g\",\"caption\":\"Mayka Villflor\"},\"url\":\"https:\\\/\\\/shannex.com\\\/fr\\\/author\\\/mayka\\\/\"}]}<\/script>\n<!-- \/ Yoast SEO plugin. -->","yoast_head_json":{"title":"Jean & Mabel\u2019s Friendship at Maplestone Enhanced Care","description":"A touching story of Jean and Mabel\u2014two nursing home residents whose silent friendship shows the deep power of connection in senior care communities.","robots":{"index":"index","follow":"follow","max-snippet":"max-snippet:-1","max-image-preview":"max-image-preview:large","max-video-preview":"max-video-preview:-1"},"canonical":"https:\/\/shannex.com\/fr\/news-announcements\/jean-and-mabel-maplestone\/","og_locale":"fr_FR","og_type":"article","og_title":"Jean & Mabel\u2019s Friendship at Maplestone Enhanced Care","og_description":"A touching story of Jean and Mabel\u2014two nursing home residents whose silent friendship shows the deep power of connection in senior care communities.","og_url":"https:\/\/shannex.com\/fr\/news-announcements\/jean-and-mabel-maplestone\/","og_site_name":"Shannex","article_published_time":"2025-07-29T11:58:52+00:00","article_modified_time":"2025-07-29T13:35:20+00:00","og_image":[{"width":600,"height":800,"url":"https:\/\/shannex.com\/wp-content\/uploads\/2025\/07\/MEC_Jean-Bourgeois-Mabel-Canning-2.jpg","type":"image\/jpeg"}],"author":"Mayka Villflor","twitter_card":"summary_large_image","twitter_misc":{"\u00c9crit par":"Mayka Villflor","Dur\u00e9e de lecture estim\u00e9e":"7 minutes"},"schema":{"@context":"https:\/\/schema.org","@graph":[{"@type":"Article","@id":"https:\/\/shannex.com\/fr\/news-announcements\/jean-and-mabel-maplestone\/#article","isPartOf":{"@id":"https:\/\/shannex.com\/fr\/news-announcements\/jean-and-mabel-maplestone\/"},"author":{"name":"Mayka Villflor","@id":"https:\/\/shannex.com\/fr\/#\/schema\/person\/69f4de569c2148a8b9daa318412a3ca1"},"headline":"A Bond Beyond Words: Jean &amp; Mabel\u2019s Unspoken Friendship","datePublished":"2025-07-29T11:58:52+00:00","dateModified":"2025-07-29T13:35:20+00:00","mainEntityOfPage":{"@id":"https:\/\/shannex.com\/fr\/news-announcements\/jean-and-mabel-maplestone\/"},"wordCount":1437,"publisher":{"@id":"https:\/\/shannex.com\/fr\/#organization"},"image":{"@id":"https:\/\/shannex.com\/fr\/news-announcements\/jean-and-mabel-maplestone\/#primaryimage"},"thumbnailUrl":"https:\/\/shannex.com\/wp-content\/uploads\/2025\/07\/MEC_Jean-Bourgeois-Mabel-Canning-2.jpg","keywords":["Long Term Care","enhanced care","maplestone"],"articleSection":["News &amp; Announcements"],"inLanguage":"fr-FR"},{"@type":"WebPage","@id":"https:\/\/shannex.com\/fr\/news-announcements\/jean-and-mabel-maplestone\/","url":"https:\/\/shannex.com\/fr\/news-announcements\/jean-and-mabel-maplestone\/","name":"Jean & Mabel\u2019s Friendship at Maplestone Enhanced Care","isPartOf":{"@id":"https:\/\/shannex.com\/fr\/#website"},"primaryImageOfPage":{"@id":"https:\/\/shannex.com\/fr\/news-announcements\/jean-and-mabel-maplestone\/#primaryimage"},"image":{"@id":"https:\/\/shannex.com\/fr\/news-announcements\/jean-and-mabel-maplestone\/#primaryimage"},"thumbnailUrl":"https:\/\/shannex.com\/wp-content\/uploads\/2025\/07\/MEC_Jean-Bourgeois-Mabel-Canning-2.jpg","datePublished":"2025-07-29T11:58:52+00:00","dateModified":"2025-07-29T13:35:20+00:00","description":"A touching story of Jean and Mabel\u2014two nursing home residents whose silent friendship shows the deep power of connection in senior care communities.","inLanguage":"fr-FR","potentialAction":[{"@type":"ReadAction","target":["https:\/\/shannex.com\/fr\/news-announcements\/jean-and-mabel-maplestone\/"]}]},{"@type":"ImageObject","inLanguage":"fr-FR","@id":"https:\/\/shannex.com\/fr\/news-announcements\/jean-and-mabel-maplestone\/#primaryimage","url":"https:\/\/shannex.com\/wp-content\/uploads\/2025\/07\/MEC_Jean-Bourgeois-Mabel-Canning-2.jpg","contentUrl":"https:\/\/shannex.com\/wp-content\/uploads\/2025\/07\/MEC_Jean-Bourgeois-Mabel-Canning-2.jpg","width":600,"height":800,"caption":"two older female adults on a wheelchair, holding hands side by side"},{"@type":"WebSite","@id":"https:\/\/shannex.com\/fr\/#website","url":"https:\/\/shannex.com\/fr\/","name":"Shannex","description":"","publisher":{"@id":"https:\/\/shannex.com\/fr\/#organization"},"potentialAction":[{"@type":"SearchAction","target":{"@type":"EntryPoint","urlTemplate":"https:\/\/shannex.com\/fr\/?s={search_term_string}"},"query-input":{"@type":"PropertyValueSpecification","valueRequired":true,"valueName":"search_term_string"}}],"inLanguage":"fr-FR"},{"@type":"Organization","@id":"https:\/\/shannex.com\/fr\/#organization","name":"Shannex","url":"https:\/\/shannex.com\/fr\/","logo":{"@type":"ImageObject","inLanguage":"fr-FR","@id":"https:\/\/shannex.com\/fr\/#\/schema\/logo\/image\/","url":"https:\/\/shannex.com\/wp-content\/uploads\/2022\/01\/shannex-logo.svg","contentUrl":"https:\/\/shannex.com\/wp-content\/uploads\/2022\/01\/shannex-logo.svg","width":486,"height":91,"caption":"Shannex"},"image":{"@id":"https:\/\/shannex.com\/fr\/#\/schema\/logo\/image\/"}},{"@type":"Person","@id":"https:\/\/shannex.com\/fr\/#\/schema\/person\/69f4de569c2148a8b9daa318412a3ca1","name":"Mayka Villflor","image":{"@type":"ImageObject","inLanguage":"fr-FR","@id":"https:\/\/secure.gravatar.com\/avatar\/ab2f281be1a3063e06096e0e65ed4e3fdc2e530978dda7dbe166402fcc465f6a?s=96&d=mm&r=g","url":"https:\/\/secure.gravatar.com\/avatar\/ab2f281be1a3063e06096e0e65ed4e3fdc2e530978dda7dbe166402fcc465f6a?s=96&d=mm&r=g","contentUrl":"https:\/\/secure.gravatar.com\/avatar\/ab2f281be1a3063e06096e0e65ed4e3fdc2e530978dda7dbe166402fcc465f6a?s=96&d=mm&r=g","caption":"Mayka Villflor"},"url":"https:\/\/shannex.com\/fr\/author\/mayka\/"}]}},"_links":{"self":[{"href":"https:\/\/shannex.com\/fr\/wp-json\/wp\/v2\/posts\/30055","targetHints":{"allow":["GET"]}}],"collection":[{"href":"https:\/\/shannex.com\/fr\/wp-json\/wp\/v2\/posts"}],"about":[{"href":"https:\/\/shannex.com\/fr\/wp-json\/wp\/v2\/types\/post"}],"author":[{"embeddable":true,"href":"https:\/\/shannex.com\/fr\/wp-json\/wp\/v2\/users\/34"}],"replies":[{"embeddable":true,"href":"https:\/\/shannex.com\/fr\/wp-json\/wp\/v2\/comments?post=30055"}],"version-history":[{"count":0,"href":"https:\/\/shannex.com\/fr\/wp-json\/wp\/v2\/posts\/30055\/revisions"}],"wp:featuredmedia":[{"embeddable":true,"href":"https:\/\/shannex.com\/fr\/wp-json\/wp\/v2\/media\/30060"}],"wp:attachment":[{"href":"https:\/\/shannex.com\/fr\/wp-json\/wp\/v2\/media?parent=30055"}],"wp:term":[{"taxonomy":"category","embeddable":true,"href":"https:\/\/shannex.com\/fr\/wp-json\/wp\/v2\/categories?post=30055"},{"taxonomy":"post_tag","embeddable":true,"href":"https:\/\/shannex.com\/fr\/wp-json\/wp\/v2\/tags?post=30055"}],"curies":[{"name":"wp","href":"https:\/\/api.w.org\/{rel}","templated":true}]}}