{"id":7024,"date":"2020-03-17T17:44:42","date_gmt":"2020-03-17T17:44:42","guid":{"rendered":"https:\/\/shannex.com\/non-classifiee\/bridgeview-hall-opening-is-delayed-ouverture-de-bridgeview-hall-reportee\/"},"modified":"2022-03-17T16:58:20","modified_gmt":"2022-03-17T16:58:20","slug":"bridgeview-hall-opening-is-delayed-ouverture-de-bridgeview-hall-reportee","status":"publish","type":"post","link":"https:\/\/shannex.com\/fr\/nouvelles-et-annonces\/bridgeview-hall-opening-is-delayed-ouverture-de-bridgeview-hall-reportee\/","title":{"rendered":"Ouverture de Bridgeview Hall report\u00e9e"},"content":{"rendered":"\n<div style=\"height:100px\" aria-hidden=\"true\" class=\"wp-block-spacer\"><\/div>\n\n\n\n<p>En raison de la pand\u00e9mie de COVID-19 et par souci de prudence, le d\u00e9m\u00e9nagement des personnes r\u00e9sidentes du Miramichi Senior Citizens Home au Bridgeview Hall, pr\u00e9vu le 1<sup>er<\/sup> avril 2020, sera report\u00e9e.<br>Il s\u2019agit d\u2019une d\u00e9cision conjointe prise par le leadership de Shannex et le conseil d\u2019administration du Miramichi Senior Citizens Home afin de prot\u00e9ger la sant\u00e9 et la s\u00e9curit\u00e9 des personnes r\u00e9sidentes et du personnel.<\/p>\n\n\n\n<p>Lorsque les restrictions relatives aux rassemblements publics, aux d\u00e9placements et aux \u00e9tablissements de soins de sant\u00e9 sont lev\u00e9es, nous serons en mesure d\u2019effectuer tr\u00e8s rapidement le d\u00e9m\u00e9nagement au Bridgeview Hall.<\/p>\n\n\n\n<p>Pour toute question, veuillez communiquer avec Jean Doyle, administratrice, Miramichi Senior Citizens Home, au 506-778-6810 ou \u00e0 <a href=\"mailto:admmsch@nb.aibn.com\">admmsch@nb.aibn.com<\/a>. Vous pouvez aussi communiquer avec Carole Morey, directrice r\u00e9gionale des op\u00e9rations, au 506-871-2917 ou \u00e0 <a href=\"mailto:cmorey@shannex.com\">cmorey@shannex.com<\/a>.<\/p>\n\n\n\n<p>Nous vous remercions de votre soutien pendant cette p\u00e9riode difficile.<\/p>\n","protected":false},"excerpt":{"rendered":"<p>En raison de la pand\u00e9mie de COVID-19 et par souci [&hellip;]<\/p>\n","protected":false},"author":4,"featured_media":2892,"comment_status":"closed","ping_status":"closed","sticky":false,"template":"","format":"standard","meta":{"_acf_changed":false,"inline_featured_image":false,"footnotes":""},"categories":[2],"tags":[],"class_list":["post-7024","post","type-post","status-publish","format-standard","has-post-thumbnail","hentry","category-nouvelles-et-annonces"],"acf":[],"yoast_head":"<!-- This site is optimized with the Yoast SEO plugin v27.3 - https:\/\/yoast.com\/product\/yoast-seo-wordpress\/ -->\n<title>Ouverture de Bridgeview Hall report\u00e9e<\/title>\n<meta name=\"robots\" content=\"index, follow, max-snippet:-1, max-image-preview:large, max-video-preview:-1\" \/>\n<link rel=\"canonical\" href=\"https:\/\/shannex.com\/fr\/nouvelles-et-annonces\/bridgeview-hall-opening-is-delayed-ouverture-de-bridgeview-hall-reportee\/\" \/>\n<meta property=\"og:locale\" content=\"fr_FR\" \/>\n<meta property=\"og:type\" content=\"article\" \/>\n<meta property=\"og:title\" content=\"Ouverture de Bridgeview Hall report\u00e9e\" \/>\n<meta property=\"og:description\" content=\"En raison de la pand\u00e9mie de COVID-19 et par souci [&hellip;]\" \/>\n<meta property=\"og:url\" content=\"https:\/\/shannex.com\/fr\/nouvelles-et-annonces\/bridgeview-hall-opening-is-delayed-ouverture-de-bridgeview-hall-reportee\/\" \/>\n<meta property=\"og:site_name\" content=\"Shannex\" \/>\n<meta property=\"article:published_time\" content=\"2020-03-17T17:44:42+00:00\" \/>\n<meta property=\"article:modified_time\" content=\"2022-03-17T16:58:20+00:00\" \/>\n<meta property=\"og:image\" content=\"https:\/\/shannex.com\/wp-content\/uploads\/2022\/02\/Bridgeview1.jpg\" \/>\n\t<meta property=\"og:image:width\" content=\"732\" \/>\n\t<meta property=\"og:image:height\" content=\"489\" \/>\n\t<meta property=\"og:image:type\" content=\"image\/jpeg\" \/>\n<meta name=\"author\" content=\"Wynne Van Thielen\" \/>\n<meta name=\"twitter:card\" content=\"summary_large_image\" \/>\n<meta name=\"twitter:label1\" content=\"\u00c9crit par\" \/>\n\t<meta name=\"twitter:data1\" content=\"Wynne Van Thielen\" \/>\n\t<meta name=\"twitter:label2\" content=\"Dur\u00e9e de lecture estim\u00e9e\" \/>\n\t<meta name=\"twitter:data2\" content=\"1 minute\" \/>\n<script type=\"application\/ld+json\" class=\"yoast-schema-graph\">{\"@context\":\"https:\\\/\\\/schema.org\",\"@graph\":[{\"@type\":\"Article\",\"@id\":\"https:\\\/\\\/shannex.com\\\/fr\\\/nouvelles-et-annonces\\\/bridgeview-hall-opening-is-delayed-ouverture-de-bridgeview-hall-reportee\\\/#article\",\"isPartOf\":{\"@id\":\"https:\\\/\\\/shannex.com\\\/fr\\\/nouvelles-et-annonces\\\/bridgeview-hall-opening-is-delayed-ouverture-de-bridgeview-hall-reportee\\\/\"},\"author\":{\"name\":\"Wynne Van Thielen\",\"@id\":\"https:\\\/\\\/shannex.com\\\/fr\\\/#\\\/schema\\\/person\\\/6d097523361a149d3338a2e088c16a81\"},\"headline\":\"Ouverture de Bridgeview Hall report\u00e9e\",\"datePublished\":\"2020-03-17T17:44:42+00:00\",\"dateModified\":\"2022-03-17T16:58:20+00:00\",\"mainEntityOfPage\":{\"@id\":\"https:\\\/\\\/shannex.com\\\/fr\\\/nouvelles-et-annonces\\\/bridgeview-hall-opening-is-delayed-ouverture-de-bridgeview-hall-reportee\\\/\"},\"wordCount\":172,\"publisher\":{\"@id\":\"https:\\\/\\\/shannex.com\\\/fr\\\/#organization\"},\"image\":{\"@id\":\"https:\\\/\\\/shannex.com\\\/fr\\\/nouvelles-et-annonces\\\/bridgeview-hall-opening-is-delayed-ouverture-de-bridgeview-hall-reportee\\\/#primaryimage\"},\"thumbnailUrl\":\"https:\\\/\\\/shannex.com\\\/wp-content\\\/uploads\\\/2022\\\/02\\\/Bridgeview1.jpg\",\"articleSection\":[\"Nouvelles et Annonces\"],\"inLanguage\":\"fr-FR\"},{\"@type\":\"WebPage\",\"@id\":\"https:\\\/\\\/shannex.com\\\/fr\\\/nouvelles-et-annonces\\\/bridgeview-hall-opening-is-delayed-ouverture-de-bridgeview-hall-reportee\\\/\",\"url\":\"https:\\\/\\\/shannex.com\\\/fr\\\/nouvelles-et-annonces\\\/bridgeview-hall-opening-is-delayed-ouverture-de-bridgeview-hall-reportee\\\/\",\"name\":\"Ouverture de Bridgeview Hall report\u00e9e\",\"isPartOf\":{\"@id\":\"https:\\\/\\\/shannex.com\\\/fr\\\/#website\"},\"primaryImageOfPage\":{\"@id\":\"https:\\\/\\\/shannex.com\\\/fr\\\/nouvelles-et-annonces\\\/bridgeview-hall-opening-is-delayed-ouverture-de-bridgeview-hall-reportee\\\/#primaryimage\"},\"image\":{\"@id\":\"https:\\\/\\\/shannex.com\\\/fr\\\/nouvelles-et-annonces\\\/bridgeview-hall-opening-is-delayed-ouverture-de-bridgeview-hall-reportee\\\/#primaryimage\"},\"thumbnailUrl\":\"https:\\\/\\\/shannex.com\\\/wp-content\\\/uploads\\\/2022\\\/02\\\/Bridgeview1.jpg\",\"datePublished\":\"2020-03-17T17:44:42+00:00\",\"dateModified\":\"2022-03-17T16:58:20+00:00\",\"inLanguage\":\"fr-FR\",\"potentialAction\":[{\"@type\":\"ReadAction\",\"target\":[\"https:\\\/\\\/shannex.com\\\/fr\\\/nouvelles-et-annonces\\\/bridgeview-hall-opening-is-delayed-ouverture-de-bridgeview-hall-reportee\\\/\"]}]},{\"@type\":\"ImageObject\",\"inLanguage\":\"fr-FR\",\"@id\":\"https:\\\/\\\/shannex.com\\\/fr\\\/nouvelles-et-annonces\\\/bridgeview-hall-opening-is-delayed-ouverture-de-bridgeview-hall-reportee\\\/#primaryimage\",\"url\":\"https:\\\/\\\/shannex.com\\\/wp-content\\\/uploads\\\/2022\\\/02\\\/Bridgeview1.jpg\",\"contentUrl\":\"https:\\\/\\\/shannex.com\\\/wp-content\\\/uploads\\\/2022\\\/02\\\/Bridgeview1.jpg\",\"width\":732,\"height\":489,\"caption\":\"Shannex Bridgeview Hall\"},{\"@type\":\"WebSite\",\"@id\":\"https:\\\/\\\/shannex.com\\\/fr\\\/#website\",\"url\":\"https:\\\/\\\/shannex.com\\\/fr\\\/\",\"name\":\"Shannex\",\"description\":\"\",\"publisher\":{\"@id\":\"https:\\\/\\\/shannex.com\\\/fr\\\/#organization\"},\"potentialAction\":[{\"@type\":\"SearchAction\",\"target\":{\"@type\":\"EntryPoint\",\"urlTemplate\":\"https:\\\/\\\/shannex.com\\\/fr\\\/?s={search_term_string}\"},\"query-input\":{\"@type\":\"PropertyValueSpecification\",\"valueRequired\":true,\"valueName\":\"search_term_string\"}}],\"inLanguage\":\"fr-FR\"},{\"@type\":\"Organization\",\"@id\":\"https:\\\/\\\/shannex.com\\\/fr\\\/#organization\",\"name\":\"Shannex\",\"url\":\"https:\\\/\\\/shannex.com\\\/fr\\\/\",\"logo\":{\"@type\":\"ImageObject\",\"inLanguage\":\"fr-FR\",\"@id\":\"https:\\\/\\\/shannex.com\\\/fr\\\/#\\\/schema\\\/logo\\\/image\\\/\",\"url\":\"https:\\\/\\\/shannex.com\\\/wp-content\\\/uploads\\\/2022\\\/01\\\/shannex-logo.svg\",\"contentUrl\":\"https:\\\/\\\/shannex.com\\\/wp-content\\\/uploads\\\/2022\\\/01\\\/shannex-logo.svg\",\"width\":486,\"height\":91,\"caption\":\"Shannex\"},\"image\":{\"@id\":\"https:\\\/\\\/shannex.com\\\/fr\\\/#\\\/schema\\\/logo\\\/image\\\/\"}},{\"@type\":\"Person\",\"@id\":\"https:\\\/\\\/shannex.com\\\/fr\\\/#\\\/schema\\\/person\\\/6d097523361a149d3338a2e088c16a81\",\"name\":\"Wynne Van Thielen\",\"image\":{\"@type\":\"ImageObject\",\"inLanguage\":\"fr-FR\",\"@id\":\"https:\\\/\\\/secure.gravatar.com\\\/avatar\\\/55d6bac15308d5174d1b5343a5795ffb8f9f359905470b8f19f245da0bf3ad79?s=96&d=mm&r=g\",\"url\":\"https:\\\/\\\/secure.gravatar.com\\\/avatar\\\/55d6bac15308d5174d1b5343a5795ffb8f9f359905470b8f19f245da0bf3ad79?s=96&d=mm&r=g\",\"contentUrl\":\"https:\\\/\\\/secure.gravatar.com\\\/avatar\\\/55d6bac15308d5174d1b5343a5795ffb8f9f359905470b8f19f245da0bf3ad79?s=96&d=mm&r=g\",\"caption\":\"Wynne Van Thielen\"},\"sameAs\":[\"https:\\\/\\\/shannex.com\"],\"url\":\"https:\\\/\\\/shannex.com\\\/fr\\\/author\\\/wynne\\\/\"}]}<\/script>\n<!-- \/ Yoast SEO plugin. -->","yoast_head_json":{"title":"Ouverture de Bridgeview Hall report\u00e9e","robots":{"index":"index","follow":"follow","max-snippet":"max-snippet:-1","max-image-preview":"max-image-preview:large","max-video-preview":"max-video-preview:-1"},"canonical":"https:\/\/shannex.com\/fr\/nouvelles-et-annonces\/bridgeview-hall-opening-is-delayed-ouverture-de-bridgeview-hall-reportee\/","og_locale":"fr_FR","og_type":"article","og_title":"Ouverture de Bridgeview Hall report\u00e9e","og_description":"En raison de la pand\u00e9mie de COVID-19 et par souci [&hellip;]","og_url":"https:\/\/shannex.com\/fr\/nouvelles-et-annonces\/bridgeview-hall-opening-is-delayed-ouverture-de-bridgeview-hall-reportee\/","og_site_name":"Shannex","article_published_time":"2020-03-17T17:44:42+00:00","article_modified_time":"2022-03-17T16:58:20+00:00","og_image":[{"width":732,"height":489,"url":"https:\/\/shannex.com\/wp-content\/uploads\/2022\/02\/Bridgeview1.jpg","type":"image\/jpeg"}],"author":"Wynne Van Thielen","twitter_card":"summary_large_image","twitter_misc":{"\u00c9crit par":"Wynne Van Thielen","Dur\u00e9e de lecture estim\u00e9e":"1 minute"},"schema":{"@context":"https:\/\/schema.org","@graph":[{"@type":"Article","@id":"https:\/\/shannex.com\/fr\/nouvelles-et-annonces\/bridgeview-hall-opening-is-delayed-ouverture-de-bridgeview-hall-reportee\/#article","isPartOf":{"@id":"https:\/\/shannex.com\/fr\/nouvelles-et-annonces\/bridgeview-hall-opening-is-delayed-ouverture-de-bridgeview-hall-reportee\/"},"author":{"name":"Wynne Van Thielen","@id":"https:\/\/shannex.com\/fr\/#\/schema\/person\/6d097523361a149d3338a2e088c16a81"},"headline":"Ouverture de Bridgeview Hall report\u00e9e","datePublished":"2020-03-17T17:44:42+00:00","dateModified":"2022-03-17T16:58:20+00:00","mainEntityOfPage":{"@id":"https:\/\/shannex.com\/fr\/nouvelles-et-annonces\/bridgeview-hall-opening-is-delayed-ouverture-de-bridgeview-hall-reportee\/"},"wordCount":172,"publisher":{"@id":"https:\/\/shannex.com\/fr\/#organization"},"image":{"@id":"https:\/\/shannex.com\/fr\/nouvelles-et-annonces\/bridgeview-hall-opening-is-delayed-ouverture-de-bridgeview-hall-reportee\/#primaryimage"},"thumbnailUrl":"https:\/\/shannex.com\/wp-content\/uploads\/2022\/02\/Bridgeview1.jpg","articleSection":["Nouvelles et Annonces"],"inLanguage":"fr-FR"},{"@type":"WebPage","@id":"https:\/\/shannex.com\/fr\/nouvelles-et-annonces\/bridgeview-hall-opening-is-delayed-ouverture-de-bridgeview-hall-reportee\/","url":"https:\/\/shannex.com\/fr\/nouvelles-et-annonces\/bridgeview-hall-opening-is-delayed-ouverture-de-bridgeview-hall-reportee\/","name":"Ouverture de Bridgeview Hall report\u00e9e","isPartOf":{"@id":"https:\/\/shannex.com\/fr\/#website"},"primaryImageOfPage":{"@id":"https:\/\/shannex.com\/fr\/nouvelles-et-annonces\/bridgeview-hall-opening-is-delayed-ouverture-de-bridgeview-hall-reportee\/#primaryimage"},"image":{"@id":"https:\/\/shannex.com\/fr\/nouvelles-et-annonces\/bridgeview-hall-opening-is-delayed-ouverture-de-bridgeview-hall-reportee\/#primaryimage"},"thumbnailUrl":"https:\/\/shannex.com\/wp-content\/uploads\/2022\/02\/Bridgeview1.jpg","datePublished":"2020-03-17T17:44:42+00:00","dateModified":"2022-03-17T16:58:20+00:00","inLanguage":"fr-FR","potentialAction":[{"@type":"ReadAction","target":["https:\/\/shannex.com\/fr\/nouvelles-et-annonces\/bridgeview-hall-opening-is-delayed-ouverture-de-bridgeview-hall-reportee\/"]}]},{"@type":"ImageObject","inLanguage":"fr-FR","@id":"https:\/\/shannex.com\/fr\/nouvelles-et-annonces\/bridgeview-hall-opening-is-delayed-ouverture-de-bridgeview-hall-reportee\/#primaryimage","url":"https:\/\/shannex.com\/wp-content\/uploads\/2022\/02\/Bridgeview1.jpg","contentUrl":"https:\/\/shannex.com\/wp-content\/uploads\/2022\/02\/Bridgeview1.jpg","width":732,"height":489,"caption":"Shannex Bridgeview Hall"},{"@type":"WebSite","@id":"https:\/\/shannex.com\/fr\/#website","url":"https:\/\/shannex.com\/fr\/","name":"Shannex","description":"","publisher":{"@id":"https:\/\/shannex.com\/fr\/#organization"},"potentialAction":[{"@type":"SearchAction","target":{"@type":"EntryPoint","urlTemplate":"https:\/\/shannex.com\/fr\/?s={search_term_string}"},"query-input":{"@type":"PropertyValueSpecification","valueRequired":true,"valueName":"search_term_string"}}],"inLanguage":"fr-FR"},{"@type":"Organization","@id":"https:\/\/shannex.com\/fr\/#organization","name":"Shannex","url":"https:\/\/shannex.com\/fr\/","logo":{"@type":"ImageObject","inLanguage":"fr-FR","@id":"https:\/\/shannex.com\/fr\/#\/schema\/logo\/image\/","url":"https:\/\/shannex.com\/wp-content\/uploads\/2022\/01\/shannex-logo.svg","contentUrl":"https:\/\/shannex.com\/wp-content\/uploads\/2022\/01\/shannex-logo.svg","width":486,"height":91,"caption":"Shannex"},"image":{"@id":"https:\/\/shannex.com\/fr\/#\/schema\/logo\/image\/"}},{"@type":"Person","@id":"https:\/\/shannex.com\/fr\/#\/schema\/person\/6d097523361a149d3338a2e088c16a81","name":"Wynne Van Thielen","image":{"@type":"ImageObject","inLanguage":"fr-FR","@id":"https:\/\/secure.gravatar.com\/avatar\/55d6bac15308d5174d1b5343a5795ffb8f9f359905470b8f19f245da0bf3ad79?s=96&d=mm&r=g","url":"https:\/\/secure.gravatar.com\/avatar\/55d6bac15308d5174d1b5343a5795ffb8f9f359905470b8f19f245da0bf3ad79?s=96&d=mm&r=g","contentUrl":"https:\/\/secure.gravatar.com\/avatar\/55d6bac15308d5174d1b5343a5795ffb8f9f359905470b8f19f245da0bf3ad79?s=96&d=mm&r=g","caption":"Wynne Van Thielen"},"sameAs":["https:\/\/shannex.com"],"url":"https:\/\/shannex.com\/fr\/author\/wynne\/"}]}},"_links":{"self":[{"href":"https:\/\/shannex.com\/fr\/wp-json\/wp\/v2\/posts\/7024","targetHints":{"allow":["GET"]}}],"collection":[{"href":"https:\/\/shannex.com\/fr\/wp-json\/wp\/v2\/posts"}],"about":[{"href":"https:\/\/shannex.com\/fr\/wp-json\/wp\/v2\/types\/post"}],"author":[{"embeddable":true,"href":"https:\/\/shannex.com\/fr\/wp-json\/wp\/v2\/users\/4"}],"replies":[{"embeddable":true,"href":"https:\/\/shannex.com\/fr\/wp-json\/wp\/v2\/comments?post=7024"}],"version-history":[{"count":0,"href":"https:\/\/shannex.com\/fr\/wp-json\/wp\/v2\/posts\/7024\/revisions"}],"wp:featuredmedia":[{"embeddable":true,"href":"https:\/\/shannex.com\/fr\/wp-json\/wp\/v2\/media\/2892"}],"wp:attachment":[{"href":"https:\/\/shannex.com\/fr\/wp-json\/wp\/v2\/media?parent=7024"}],"wp:term":[{"taxonomy":"category","embeddable":true,"href":"https:\/\/shannex.com\/fr\/wp-json\/wp\/v2\/categories?post=7024"},{"taxonomy":"post_tag","embeddable":true,"href":"https:\/\/shannex.com\/fr\/wp-json\/wp\/v2\/tags?post=7024"}],"curies":[{"name":"wp","href":"https:\/\/api.w.org\/{rel}","templated":true}]}}