{"id":7121,"date":"2020-03-23T15:22:15","date_gmt":"2020-03-23T19:22:15","guid":{"rendered":"https:\/\/shannex.com\/non-classifiee\/covid-19-update-march-23-2020-an-update-to-our-valued-community\/"},"modified":"2024-01-15T14:22:04","modified_gmt":"2024-01-15T18:22:04","slug":"covid-19-update-march-23-2020-an-update-to-our-valued-community","status":"publish","type":"post","link":"https:\/\/shannex.com\/fr\/nouvelles-et-annonces\/covid-19-fr\/covid-19-update-march-23-2020-an-update-to-our-valued-community\/","title":{"rendered":"Mise \u00e0 jour sur la COVID-19 en date du 23 mars 2020 : un message \u00e0 notre pr\u00e9cieuse communaut\u00e9"},"content":{"rendered":"\n<div style=\"height:100px\" aria-hidden=\"true\" class=\"wp-block-spacer\"><\/div>\n\n\n\n<p>Je veux prendre un moment aujourd\u2019hui pour partager une nouvelle mise \u00e0 jour et un message de solidarit\u00e9 et de pr\u00e9paration dans cette p\u00e9riode sans doute d\u00e9stabilisante pour chacune et chacun de nous. D\u00e9sormais, je pr\u00e9vois une nouvelle mise \u00e0 jour chaque semaine.<\/p>\n\n\n\n<p>Depuis dimanche, les provinces de l\u2019Ontario, du Nouveau-Brunswick et de la Nouvelle-\u00c9cosse ont toutes d\u00e9clar\u00e9 l\u2019\u00e9tat d\u2019urgence en raison de la pand\u00e9mie de la COVID-19. Bien que cela aide \u00e0 g\u00e9rer la propagation du virus et \u00e0 sauver des vies, il s\u2019agit aussi d\u2019un signe clair de la s\u00e9v\u00e9rit\u00e9 de la pr\u00e9sente situation.<\/p>\n\n\n\n<p>Cette p\u00e9riode est particuli\u00e8rement difficile pour les personnes r\u00e9sidentes, les familles et le personnel. Je tiens \u00e0 vous rassurer que notre organisation enti\u00e8re demeure concentr\u00e9e sur la mise en \u0153uvre de notre plan de pand\u00e9mie, tout comme nous le sommes depuis plusieurs semaines.<\/p>\n\n\n\n<ul class=\"wp-block-list\">\n<li>Nous sommes pass\u00e9s rapidement \u00e0 l\u2019action en fermant nos portes aux visites et en mettant en \u0153uvre des protocoles de d\u00e9pistage pour l\u2019ensemble du personnel, en conformit\u00e9 avec les directives des agences provinciales de la sant\u00e9 publique.<\/li>\n\n\n\n<li>Tout en respectant les directives d\u2019\u00e9loignement social, nous travaillons pour enrichir la programmation de loisir et pour augmenter nos effectifs afin d\u2019offrir davantage d\u2019activit\u00e9s stimulantes aux personnes r\u00e9sidentes. Toutes nos communaut\u00e9s offrent des programmes qui aident les familles \u00e0 garder le contact avec leurs proches par l\u2019entremise d\u2019appels vid\u00e9o, d\u2019appels t\u00e9l\u00e9phoniques, de courriels ou de livraisons.<\/li>\n\n\n\n<li>Les salles \u00e0 manger et le service des repas ont \u00e9t\u00e9 adapt\u00e9s de mani\u00e8re \u00e0 respecter les normes de l\u2019\u00e9loignement social.<\/li>\n\n\n\n<li>Des protocoles accrus de nettoyage et de d\u00e9sinfection ont \u00e9t\u00e9 mis, et demeurent, en pratique.<\/li>\n\n\n\n<li>Notre \u00e9quipe d\u2019approvisionnement a obtenu des fournitures m\u00e9dicales et op\u00e9rationnelles suppl\u00e9mentaires pour toutes nos communaut\u00e9s.<\/li>\n\n\n\n<li>Nos \u00e9quipes culinaires ont augment\u00e9 les stocks de nourriture dans toutes nos communaut\u00e9s de mani\u00e8re \u00e0 assurer des r\u00e9serves d\u2019un mois, en cas de livraisons tardives.<\/li>\n\n\n\n<li>Chaque communaut\u00e9 envoie r\u00e9guli\u00e8rement des mises \u00e0 jour aux personnes r\u00e9sidentes et aux familles. Si vous ne recevez pas ces mises \u00e0 jour, veuillez communiquer directement avec votre communaut\u00e9.<\/li>\n<\/ul>\n\n\n\n<p>Avec le soutien et le travail inestimables des \u00e9quipes \u00e0 tout niveau de notre organisation, ces mesures de plan de pand\u00e9mie sont quotidiennement r\u00e9vis\u00e9es et mises \u00e0 jour.<\/p>\n\n\n\n<p>Bien que j\u2019aie pleinement confiance dans les pr\u00e9cautions que nous avons prises, nous devons continuer de travailler ensemble. Avec gratitude, je veux reconna\u00eetre les efforts inlassables de chaque membre du personnel de Shannex, Parkland et Faubourg; dans le contexte actuel, vous offrez un soutien tellement pr\u00e9cieux aux personnes r\u00e9sidentes. Je tiens aussi \u00e0 remercier les familles et les autres personnes qui envoient des messages de soutien \u00e0 la fois aux personnes r\u00e9sidentes et au personnel.<\/p>\n\n\n\n<p>C\u2019est ensemble que nous nous en sortirons. Merci pour votre pr\u00e9cieux soutien.<\/p>\n\n\n\n<figure class=\"wp-block-image size-full\" id=\"attachment_4300\"><img decoding=\"async\" width=\"300\" height=\"232\" src=\"https:\/\/shannex.com\/wp-content\/uploads\/2024\/01\/Jason_signature_NEW-300x232-2.png\" alt=\"\" class=\"wp-image-21758\"\/><figcaption class=\"wp-element-caption\">Jason Shannon, Pr\u00e9sident et directeur de l\u2019exploitation<\/figcaption><\/figure>\n\n\n\n<p><b>Ressources :<span class=\"Apple-converted-space\">&nbsp;<\/span><\/b><br><a href=\"https:\/\/shannex.com\/covid-19\/\"><b>Shannex&nbsp;web<\/b><\/a><br><b>Ligne d\u2019information : <\/b>1-877-541-0835<span class=\"Apple-converted-space\">&nbsp;<\/span><br><b>Courriel : <\/b><a href=\"mailto:ipac@shannex.com\">ipac@shannex.com<\/a><span class=\"Apple-converted-space\">&nbsp;<\/span><\/p>\n","protected":false},"excerpt":{"rendered":"<p>Je veux prendre un moment aujourd\u2019hui pour partager une nouvelle [&hellip;]<\/p>\n","protected":false},"author":4,"featured_media":7357,"comment_status":"closed","ping_status":"closed","sticky":false,"template":"","format":"standard","meta":{"_acf_changed":false,"inline_featured_image":false,"footnotes":""},"categories":[47],"tags":[],"class_list":["post-7121","post","type-post","status-publish","format-standard","has-post-thumbnail","hentry","category-covid-19-fr"],"acf":[],"yoast_head":"<!-- This site is optimized with the Yoast SEO plugin v27.3 - https:\/\/yoast.com\/product\/yoast-seo-wordpress\/ -->\n<title>Mise \u00e0 jour sur la COVID-19 en date du 23 mars 2020 : un message \u00e0 notre pr\u00e9cieuse communaut\u00e9<\/title>\n<meta name=\"robots\" content=\"index, follow, max-snippet:-1, max-image-preview:large, max-video-preview:-1\" \/>\n<link rel=\"canonical\" href=\"https:\/\/shannex.com\/fr\/nouvelles-et-annonces\/covid-19-fr\/covid-19-update-march-23-2020-an-update-to-our-valued-community\/\" \/>\n<meta property=\"og:locale\" content=\"fr_FR\" \/>\n<meta property=\"og:type\" content=\"article\" \/>\n<meta property=\"og:title\" content=\"Mise \u00e0 jour sur la COVID-19 en date du 23 mars 2020 : un message \u00e0 notre pr\u00e9cieuse communaut\u00e9\" \/>\n<meta property=\"og:description\" content=\"Je veux prendre un moment aujourd\u2019hui pour partager une nouvelle [&hellip;]\" \/>\n<meta property=\"og:url\" content=\"https:\/\/shannex.com\/fr\/nouvelles-et-annonces\/covid-19-fr\/covid-19-update-march-23-2020-an-update-to-our-valued-community\/\" \/>\n<meta property=\"og:site_name\" content=\"Shannex\" \/>\n<meta property=\"article:published_time\" content=\"2020-03-23T19:22:15+00:00\" \/>\n<meta property=\"article:modified_time\" content=\"2024-01-15T18:22:04+00:00\" \/>\n<meta property=\"og:image\" content=\"https:\/\/shannex.com\/wp-content\/uploads\/2021\/05\/news_covid19_image.jpg\" \/>\n\t<meta property=\"og:image:width\" content=\"752\" \/>\n\t<meta property=\"og:image:height\" content=\"452\" \/>\n\t<meta property=\"og:image:type\" content=\"image\/jpeg\" \/>\n<meta name=\"author\" content=\"Wynne Van Thielen\" \/>\n<meta name=\"twitter:card\" content=\"summary_large_image\" \/>\n<meta name=\"twitter:label1\" content=\"\u00c9crit par\" \/>\n\t<meta name=\"twitter:data1\" content=\"Wynne Van Thielen\" \/>\n\t<meta name=\"twitter:label2\" content=\"Dur\u00e9e de lecture estim\u00e9e\" \/>\n\t<meta name=\"twitter:data2\" content=\"3 minutes\" \/>\n<script type=\"application\/ld+json\" class=\"yoast-schema-graph\">{\"@context\":\"https:\\\/\\\/schema.org\",\"@graph\":[{\"@type\":\"Article\",\"@id\":\"https:\\\/\\\/shannex.com\\\/fr\\\/nouvelles-et-annonces\\\/covid-19-fr\\\/covid-19-update-march-23-2020-an-update-to-our-valued-community\\\/#article\",\"isPartOf\":{\"@id\":\"https:\\\/\\\/shannex.com\\\/fr\\\/nouvelles-et-annonces\\\/covid-19-fr\\\/covid-19-update-march-23-2020-an-update-to-our-valued-community\\\/\"},\"author\":{\"name\":\"Wynne Van Thielen\",\"@id\":\"https:\\\/\\\/shannex.com\\\/fr\\\/#\\\/schema\\\/person\\\/6d097523361a149d3338a2e088c16a81\"},\"headline\":\"Mise \u00e0 jour sur la COVID-19 en date du 23 mars 2020 : un message \u00e0 notre pr\u00e9cieuse communaut\u00e9\",\"datePublished\":\"2020-03-23T19:22:15+00:00\",\"dateModified\":\"2024-01-15T18:22:04+00:00\",\"mainEntityOfPage\":{\"@id\":\"https:\\\/\\\/shannex.com\\\/fr\\\/nouvelles-et-annonces\\\/covid-19-fr\\\/covid-19-update-march-23-2020-an-update-to-our-valued-community\\\/\"},\"wordCount\":545,\"publisher\":{\"@id\":\"https:\\\/\\\/shannex.com\\\/fr\\\/#organization\"},\"image\":{\"@id\":\"https:\\\/\\\/shannex.com\\\/fr\\\/nouvelles-et-annonces\\\/covid-19-fr\\\/covid-19-update-march-23-2020-an-update-to-our-valued-community\\\/#primaryimage\"},\"thumbnailUrl\":\"https:\\\/\\\/shannex.com\\\/wp-content\\\/uploads\\\/2021\\\/05\\\/news_covid19_image.jpg\",\"articleSection\":[\"COVID-19\"],\"inLanguage\":\"fr-FR\"},{\"@type\":\"WebPage\",\"@id\":\"https:\\\/\\\/shannex.com\\\/fr\\\/nouvelles-et-annonces\\\/covid-19-fr\\\/covid-19-update-march-23-2020-an-update-to-our-valued-community\\\/\",\"url\":\"https:\\\/\\\/shannex.com\\\/fr\\\/nouvelles-et-annonces\\\/covid-19-fr\\\/covid-19-update-march-23-2020-an-update-to-our-valued-community\\\/\",\"name\":\"Mise \u00e0 jour sur la COVID-19 en date du 23 mars 2020 : un message \u00e0 notre pr\u00e9cieuse communaut\u00e9\",\"isPartOf\":{\"@id\":\"https:\\\/\\\/shannex.com\\\/fr\\\/#website\"},\"primaryImageOfPage\":{\"@id\":\"https:\\\/\\\/shannex.com\\\/fr\\\/nouvelles-et-annonces\\\/covid-19-fr\\\/covid-19-update-march-23-2020-an-update-to-our-valued-community\\\/#primaryimage\"},\"image\":{\"@id\":\"https:\\\/\\\/shannex.com\\\/fr\\\/nouvelles-et-annonces\\\/covid-19-fr\\\/covid-19-update-march-23-2020-an-update-to-our-valued-community\\\/#primaryimage\"},\"thumbnailUrl\":\"https:\\\/\\\/shannex.com\\\/wp-content\\\/uploads\\\/2021\\\/05\\\/news_covid19_image.jpg\",\"datePublished\":\"2020-03-23T19:22:15+00:00\",\"dateModified\":\"2024-01-15T18:22:04+00:00\",\"inLanguage\":\"fr-FR\",\"potentialAction\":[{\"@type\":\"ReadAction\",\"target\":[\"https:\\\/\\\/shannex.com\\\/fr\\\/nouvelles-et-annonces\\\/covid-19-fr\\\/covid-19-update-march-23-2020-an-update-to-our-valued-community\\\/\"]}]},{\"@type\":\"ImageObject\",\"inLanguage\":\"fr-FR\",\"@id\":\"https:\\\/\\\/shannex.com\\\/fr\\\/nouvelles-et-annonces\\\/covid-19-fr\\\/covid-19-update-march-23-2020-an-update-to-our-valued-community\\\/#primaryimage\",\"url\":\"https:\\\/\\\/shannex.com\\\/wp-content\\\/uploads\\\/2021\\\/05\\\/news_covid19_image.jpg\",\"contentUrl\":\"https:\\\/\\\/shannex.com\\\/wp-content\\\/uploads\\\/2021\\\/05\\\/news_covid19_image.jpg\",\"width\":752,\"height\":452},{\"@type\":\"WebSite\",\"@id\":\"https:\\\/\\\/shannex.com\\\/fr\\\/#website\",\"url\":\"https:\\\/\\\/shannex.com\\\/fr\\\/\",\"name\":\"Shannex\",\"description\":\"\",\"publisher\":{\"@id\":\"https:\\\/\\\/shannex.com\\\/fr\\\/#organization\"},\"potentialAction\":[{\"@type\":\"SearchAction\",\"target\":{\"@type\":\"EntryPoint\",\"urlTemplate\":\"https:\\\/\\\/shannex.com\\\/fr\\\/?s={search_term_string}\"},\"query-input\":{\"@type\":\"PropertyValueSpecification\",\"valueRequired\":true,\"valueName\":\"search_term_string\"}}],\"inLanguage\":\"fr-FR\"},{\"@type\":\"Organization\",\"@id\":\"https:\\\/\\\/shannex.com\\\/fr\\\/#organization\",\"name\":\"Shannex\",\"url\":\"https:\\\/\\\/shannex.com\\\/fr\\\/\",\"logo\":{\"@type\":\"ImageObject\",\"inLanguage\":\"fr-FR\",\"@id\":\"https:\\\/\\\/shannex.com\\\/fr\\\/#\\\/schema\\\/logo\\\/image\\\/\",\"url\":\"https:\\\/\\\/shannex.com\\\/wp-content\\\/uploads\\\/2022\\\/01\\\/shannex-logo.svg\",\"contentUrl\":\"https:\\\/\\\/shannex.com\\\/wp-content\\\/uploads\\\/2022\\\/01\\\/shannex-logo.svg\",\"width\":486,\"height\":91,\"caption\":\"Shannex\"},\"image\":{\"@id\":\"https:\\\/\\\/shannex.com\\\/fr\\\/#\\\/schema\\\/logo\\\/image\\\/\"}},{\"@type\":\"Person\",\"@id\":\"https:\\\/\\\/shannex.com\\\/fr\\\/#\\\/schema\\\/person\\\/6d097523361a149d3338a2e088c16a81\",\"name\":\"Wynne Van Thielen\",\"image\":{\"@type\":\"ImageObject\",\"inLanguage\":\"fr-FR\",\"@id\":\"https:\\\/\\\/secure.gravatar.com\\\/avatar\\\/55d6bac15308d5174d1b5343a5795ffb8f9f359905470b8f19f245da0bf3ad79?s=96&d=mm&r=g\",\"url\":\"https:\\\/\\\/secure.gravatar.com\\\/avatar\\\/55d6bac15308d5174d1b5343a5795ffb8f9f359905470b8f19f245da0bf3ad79?s=96&d=mm&r=g\",\"contentUrl\":\"https:\\\/\\\/secure.gravatar.com\\\/avatar\\\/55d6bac15308d5174d1b5343a5795ffb8f9f359905470b8f19f245da0bf3ad79?s=96&d=mm&r=g\",\"caption\":\"Wynne Van Thielen\"},\"sameAs\":[\"https:\\\/\\\/shannex.com\"],\"url\":\"https:\\\/\\\/shannex.com\\\/fr\\\/author\\\/wynne\\\/\"}]}<\/script>\n<!-- \/ Yoast SEO plugin. -->","yoast_head_json":{"title":"Mise \u00e0 jour sur la COVID-19 en date du 23 mars 2020 : un message \u00e0 notre pr\u00e9cieuse communaut\u00e9","robots":{"index":"index","follow":"follow","max-snippet":"max-snippet:-1","max-image-preview":"max-image-preview:large","max-video-preview":"max-video-preview:-1"},"canonical":"https:\/\/shannex.com\/fr\/nouvelles-et-annonces\/covid-19-fr\/covid-19-update-march-23-2020-an-update-to-our-valued-community\/","og_locale":"fr_FR","og_type":"article","og_title":"Mise \u00e0 jour sur la COVID-19 en date du 23 mars 2020 : un message \u00e0 notre pr\u00e9cieuse communaut\u00e9","og_description":"Je veux prendre un moment aujourd\u2019hui pour partager une nouvelle [&hellip;]","og_url":"https:\/\/shannex.com\/fr\/nouvelles-et-annonces\/covid-19-fr\/covid-19-update-march-23-2020-an-update-to-our-valued-community\/","og_site_name":"Shannex","article_published_time":"2020-03-23T19:22:15+00:00","article_modified_time":"2024-01-15T18:22:04+00:00","og_image":[{"width":752,"height":452,"url":"https:\/\/shannex.com\/wp-content\/uploads\/2021\/05\/news_covid19_image.jpg","type":"image\/jpeg"}],"author":"Wynne Van Thielen","twitter_card":"summary_large_image","twitter_misc":{"\u00c9crit par":"Wynne Van Thielen","Dur\u00e9e de lecture estim\u00e9e":"3 minutes"},"schema":{"@context":"https:\/\/schema.org","@graph":[{"@type":"Article","@id":"https:\/\/shannex.com\/fr\/nouvelles-et-annonces\/covid-19-fr\/covid-19-update-march-23-2020-an-update-to-our-valued-community\/#article","isPartOf":{"@id":"https:\/\/shannex.com\/fr\/nouvelles-et-annonces\/covid-19-fr\/covid-19-update-march-23-2020-an-update-to-our-valued-community\/"},"author":{"name":"Wynne Van Thielen","@id":"https:\/\/shannex.com\/fr\/#\/schema\/person\/6d097523361a149d3338a2e088c16a81"},"headline":"Mise \u00e0 jour sur la COVID-19 en date du 23 mars 2020 : un message \u00e0 notre pr\u00e9cieuse communaut\u00e9","datePublished":"2020-03-23T19:22:15+00:00","dateModified":"2024-01-15T18:22:04+00:00","mainEntityOfPage":{"@id":"https:\/\/shannex.com\/fr\/nouvelles-et-annonces\/covid-19-fr\/covid-19-update-march-23-2020-an-update-to-our-valued-community\/"},"wordCount":545,"publisher":{"@id":"https:\/\/shannex.com\/fr\/#organization"},"image":{"@id":"https:\/\/shannex.com\/fr\/nouvelles-et-annonces\/covid-19-fr\/covid-19-update-march-23-2020-an-update-to-our-valued-community\/#primaryimage"},"thumbnailUrl":"https:\/\/shannex.com\/wp-content\/uploads\/2021\/05\/news_covid19_image.jpg","articleSection":["COVID-19"],"inLanguage":"fr-FR"},{"@type":"WebPage","@id":"https:\/\/shannex.com\/fr\/nouvelles-et-annonces\/covid-19-fr\/covid-19-update-march-23-2020-an-update-to-our-valued-community\/","url":"https:\/\/shannex.com\/fr\/nouvelles-et-annonces\/covid-19-fr\/covid-19-update-march-23-2020-an-update-to-our-valued-community\/","name":"Mise \u00e0 jour sur la COVID-19 en date du 23 mars 2020 : un message \u00e0 notre pr\u00e9cieuse communaut\u00e9","isPartOf":{"@id":"https:\/\/shannex.com\/fr\/#website"},"primaryImageOfPage":{"@id":"https:\/\/shannex.com\/fr\/nouvelles-et-annonces\/covid-19-fr\/covid-19-update-march-23-2020-an-update-to-our-valued-community\/#primaryimage"},"image":{"@id":"https:\/\/shannex.com\/fr\/nouvelles-et-annonces\/covid-19-fr\/covid-19-update-march-23-2020-an-update-to-our-valued-community\/#primaryimage"},"thumbnailUrl":"https:\/\/shannex.com\/wp-content\/uploads\/2021\/05\/news_covid19_image.jpg","datePublished":"2020-03-23T19:22:15+00:00","dateModified":"2024-01-15T18:22:04+00:00","inLanguage":"fr-FR","potentialAction":[{"@type":"ReadAction","target":["https:\/\/shannex.com\/fr\/nouvelles-et-annonces\/covid-19-fr\/covid-19-update-march-23-2020-an-update-to-our-valued-community\/"]}]},{"@type":"ImageObject","inLanguage":"fr-FR","@id":"https:\/\/shannex.com\/fr\/nouvelles-et-annonces\/covid-19-fr\/covid-19-update-march-23-2020-an-update-to-our-valued-community\/#primaryimage","url":"https:\/\/shannex.com\/wp-content\/uploads\/2021\/05\/news_covid19_image.jpg","contentUrl":"https:\/\/shannex.com\/wp-content\/uploads\/2021\/05\/news_covid19_image.jpg","width":752,"height":452},{"@type":"WebSite","@id":"https:\/\/shannex.com\/fr\/#website","url":"https:\/\/shannex.com\/fr\/","name":"Shannex","description":"","publisher":{"@id":"https:\/\/shannex.com\/fr\/#organization"},"potentialAction":[{"@type":"SearchAction","target":{"@type":"EntryPoint","urlTemplate":"https:\/\/shannex.com\/fr\/?s={search_term_string}"},"query-input":{"@type":"PropertyValueSpecification","valueRequired":true,"valueName":"search_term_string"}}],"inLanguage":"fr-FR"},{"@type":"Organization","@id":"https:\/\/shannex.com\/fr\/#organization","name":"Shannex","url":"https:\/\/shannex.com\/fr\/","logo":{"@type":"ImageObject","inLanguage":"fr-FR","@id":"https:\/\/shannex.com\/fr\/#\/schema\/logo\/image\/","url":"https:\/\/shannex.com\/wp-content\/uploads\/2022\/01\/shannex-logo.svg","contentUrl":"https:\/\/shannex.com\/wp-content\/uploads\/2022\/01\/shannex-logo.svg","width":486,"height":91,"caption":"Shannex"},"image":{"@id":"https:\/\/shannex.com\/fr\/#\/schema\/logo\/image\/"}},{"@type":"Person","@id":"https:\/\/shannex.com\/fr\/#\/schema\/person\/6d097523361a149d3338a2e088c16a81","name":"Wynne Van Thielen","image":{"@type":"ImageObject","inLanguage":"fr-FR","@id":"https:\/\/secure.gravatar.com\/avatar\/55d6bac15308d5174d1b5343a5795ffb8f9f359905470b8f19f245da0bf3ad79?s=96&d=mm&r=g","url":"https:\/\/secure.gravatar.com\/avatar\/55d6bac15308d5174d1b5343a5795ffb8f9f359905470b8f19f245da0bf3ad79?s=96&d=mm&r=g","contentUrl":"https:\/\/secure.gravatar.com\/avatar\/55d6bac15308d5174d1b5343a5795ffb8f9f359905470b8f19f245da0bf3ad79?s=96&d=mm&r=g","caption":"Wynne Van Thielen"},"sameAs":["https:\/\/shannex.com"],"url":"https:\/\/shannex.com\/fr\/author\/wynne\/"}]}},"_links":{"self":[{"href":"https:\/\/shannex.com\/fr\/wp-json\/wp\/v2\/posts\/7121","targetHints":{"allow":["GET"]}}],"collection":[{"href":"https:\/\/shannex.com\/fr\/wp-json\/wp\/v2\/posts"}],"about":[{"href":"https:\/\/shannex.com\/fr\/wp-json\/wp\/v2\/types\/post"}],"author":[{"embeddable":true,"href":"https:\/\/shannex.com\/fr\/wp-json\/wp\/v2\/users\/4"}],"replies":[{"embeddable":true,"href":"https:\/\/shannex.com\/fr\/wp-json\/wp\/v2\/comments?post=7121"}],"version-history":[{"count":0,"href":"https:\/\/shannex.com\/fr\/wp-json\/wp\/v2\/posts\/7121\/revisions"}],"wp:featuredmedia":[{"embeddable":true,"href":"https:\/\/shannex.com\/fr\/wp-json\/wp\/v2\/media\/7357"}],"wp:attachment":[{"href":"https:\/\/shannex.com\/fr\/wp-json\/wp\/v2\/media?parent=7121"}],"wp:term":[{"taxonomy":"category","embeddable":true,"href":"https:\/\/shannex.com\/fr\/wp-json\/wp\/v2\/categories?post=7121"},{"taxonomy":"post_tag","embeddable":true,"href":"https:\/\/shannex.com\/fr\/wp-json\/wp\/v2\/tags?post=7121"}],"curies":[{"name":"wp","href":"https:\/\/api.w.org\/{rel}","templated":true}]}}