{"id":7150,"date":"2020-04-13T21:16:15","date_gmt":"2020-04-13T21:16:15","guid":{"rendered":"https:\/\/shannex.com\/non-classifiee\/covid-19-update-april-13-2020-confirmed-resident-cases-of-covid-19\/"},"modified":"2022-03-17T16:10:57","modified_gmt":"2022-03-17T16:10:57","slug":"covid-19-update-april-13-2020-confirmed-resident-cases-of-covid-19","status":"publish","type":"post","link":"https:\/\/shannex.com\/fr\/nouvelles-et-annonces\/covid-19-fr\/covid-19-update-april-13-2020-confirmed-resident-cases-of-covid-19\/","title":{"rendered":"Mise \u00e0 jour sur la COVID-19 : 13 avril 2020 &#8211; Cas confirm\u00e9s de COVID-19 chez des personnes r\u00e9sidentes"},"content":{"rendered":"\n<div style=\"height:100px\" aria-hidden=\"true\" class=\"wp-block-spacer\"><\/div>\n\n\n\n<p><span lang=\"FR-CA\">Au cours du dernier jour, nous avons \u00e9t\u00e9 avis\u00e9s par les autorit\u00e9s de la sant\u00e9 publique que deux personnes qui r\u00e9sident dans nos communaut\u00e9s ont re\u00e7u des diagnostics confirm\u00e9s de COVID-19. <\/span><\/p>\n\n\n\n<p><span lang=\"FR-CA\">Dans les deux cas, notre \u00e9quipe d\u2019intervention organisationnelle de COVID-19, notamment notre sp\u00e9cialiste en pr\u00e9vention et contr\u00f4le des infections et l\u2019\u00e9quipe de sant\u00e9 au travail, est impliqu\u00e9e et travaille activement avec les \u00e9tablissements touch\u00e9s. Quand une personne re\u00e7oit un diagnostic confirm\u00e9 de COVID-19, les autorit\u00e9s de la sant\u00e9 publique agissent rapidement pour joindre tout individu ayant entr\u00e9 en contact avec la personne atteinte et fournissent des directives claires sur comment proc\u00e9der. De plus, nous menons notre propre processus de recherche de contacts et prenons des mesures suppl\u00e9mentaires pour prot\u00e9ger les personnes r\u00e9sidentes et le personnel. Dans certains cas, ces mesures comprennent l\u2019application de mesures suppl\u00e9mentaires de pr\u00e9vention et contr\u00f4le des infections, notamment l\u2019utilisation appropri\u00e9e d\u2019\u00e9quipements de protection personnelle.<\/span><\/p>\n\n\n\n<p><span lang=\"FR-CA\">Le premier cas est une personne qui r\u00e9side dans la section Fishermen\u2019s Cove de Harbourstone Enhanced Care \u00e0 Sydney (Nouvelle-\u00c9cosse). Tard la nuit du 12 avril 2020, les autorit\u00e9s de la sant\u00e9 publique nous ont inform\u00e9 que la personne avait re\u00e7u un diagnostic confirm\u00e9 de COVID-19. <\/span>Cette personne est \u00e0 l\u2019h\u00f4pital depuis le 11 avril.<\/p>\n\n\n\n<p><span lang=\"FR-CA\">Toute personne qui r\u00e9side dans cette section a \u00e9t\u00e9 test\u00e9e et est maintenant sujette aux pr\u00e9cautions appropri\u00e9es de contr\u00f4le des infections. Jusqu\u2019\u00e0 pr\u00e9sent, aucune autre personne r\u00e9sidente de Harbourstone n\u2019a re\u00e7u de diagnostic de COVID-19.<\/span><\/p>\n\n\n\n<p><span lang=\"FR-CA\">Les autorit\u00e9s de la sant\u00e9 publique ont aussi demand\u00e9 le d\u00e9pistage de membres du personnel qui travaillent dans cette section. Ces individus ne travaillent pas actuellement et sont sous la surveillance de notre \u00e9quipe de sant\u00e9 au travail en attendant les r\u00e9sultats des tests. Jusqu\u2019\u00e0 pr\u00e9sent, aucun membre du personnel de Harbourstone n\u2019a re\u00e7u de diagnostic confirm\u00e9 de COVID-19.<\/span><\/p>\n\n\n\n<p><span lang=\"FR-CA\">Le deuxi\u00e8me cas est une personne qui r\u00e9side dans la section Ringdale de Maplestone Enhanced Care \u00e0 Halifax (Nouvelle-\u00c9cosse).&nbsp;<\/span>Nous avons \u00e9t\u00e9 inform\u00e9s du diagnostic l\u2019apr\u00e8s-midi du 13 avril.<br><span lang=\"FR-CA\">Toute personne qui r\u00e9side dans la section de Ringdale et la section avoisinante, Evans, sera test\u00e9e et est maintenant sujette aux pr\u00e9cautions appropri\u00e9es de contr\u00f4le des infections. L\u2019\u00e9quipe continue de les surveiller de pr\u00e8s. Jusqu\u2019\u00e0 pr\u00e9sent, aucune autre personne r\u00e9sidente de Maplestone n\u2019a re\u00e7u de diagnostic de COVID-19. <\/span><\/p>\n\n\n\n<p><span lang=\"FR-CA\">Les autorit\u00e9s de la sant\u00e9 publique dirigeront le d\u00e9pistage appropri\u00e9 du personnel qui travaille dans cette section. Notre \u00e9quipe de sant\u00e9 au travail m\u00e8ne actuellement son propre processus d\u2019\u00e9valuation des risques et de recherche de contacts en attendant les directives de la sant\u00e9 publique. Jusqu\u2019\u00e0 pr\u00e9sent, aucun membre du personnel de Maplestone n\u2019a re\u00e7u de diagnostic confirm\u00e9 de COVID-19.<\/span><br><span lang=\"FR-CA\">Afin de minimiser le risque pour les autres personnes r\u00e9sidentes, nous avons activ\u00e9 notre zone de soins d\u00e9sign\u00e9e\/de rassemblement en cohorte \u00e0 Parkstone Enhanced Care. La personne atteinte vivant \u00e0 Maplestone y est arriv\u00e9e l\u2019apr\u00e8s-midi du 13 avril. Le personnel qui travaille dans ces zones, lesquelles suivent tous les protocoles normalis\u00e9s d\u2019isolement, notamment l\u2019utilisation appropri\u00e9e d\u2019\u00e9quipements de protection personnelle, intervient uniquement aupr\u00e8s de personnes atteintes de COVID-19 et utilise des entr\u00e9es s\u00e9par\u00e9es. Les niveaux de dotation dans ces zones sont aussi adapt\u00e9s aux besoins de soins des personnes r\u00e9sidentes atteintes.<\/span><\/p>\n\n\n\n<p><span lang=\"FR-CA\">Nous avons d\u00e9j\u00e0 communiqu\u00e9 avec toutes les personnes r\u00e9sidentes, leurs familles et le personnel associ\u00e9 aux deux \u00e9tablissements et garderons tout le monde au courant des nouvelles informations que nous recevons.<\/span><\/p>\n\n\n\n<p><span lang=\"FR-CA\">Nous sommes tr\u00e8s reconnaissants du courage et de l\u2019engagement de notre personnel et du soutien de nos partenaires au d\u00e9partement de la sant\u00e9 et du bien-\u00eatre, des autorit\u00e9s de la sant\u00e9 publique et de la Nova Scotia Health Authority pendant que nous continuons de travailler ensemble pour faire face \u00e0 cette p\u00e9riode d\u2019incertitude.<\/span><\/p>\n\n\n\n<p><span lang=\"FR-CA\">Pour plus de renseignements sur notre r\u00e9ponse \u00e0 la pand\u00e9mie, veuillez consulter notre <a href=\"https:\/\/shannex.com\/fr\/covid-19\/\"><b>page de mise \u00e0 jour sur la COVID-19<\/b><\/a>.<\/span><\/p>\n","protected":false},"excerpt":{"rendered":"<p>Au cours du dernier jour, nous avons \u00e9t\u00e9 avis\u00e9s par [&hellip;]<\/p>\n","protected":false},"author":4,"featured_media":7357,"comment_status":"closed","ping_status":"closed","sticky":false,"template":"","format":"standard","meta":{"_acf_changed":false,"inline_featured_image":false,"footnotes":""},"categories":[47],"tags":[],"class_list":["post-7150","post","type-post","status-publish","format-standard","has-post-thumbnail","hentry","category-covid-19-fr"],"acf":[],"yoast_head":"<!-- This site is optimized with the Yoast SEO plugin v27.3 - https:\/\/yoast.com\/product\/yoast-seo-wordpress\/ -->\n<title>Mise \u00e0 jour sur la COVID-19 : 13 avril 2020 - Cas confirm\u00e9s de COVID-19 chez des personnes r\u00e9sidentes<\/title>\n<meta name=\"robots\" content=\"index, follow, max-snippet:-1, max-image-preview:large, max-video-preview:-1\" \/>\n<link rel=\"canonical\" href=\"https:\/\/shannex.com\/fr\/nouvelles-et-annonces\/covid-19-fr\/covid-19-update-april-13-2020-confirmed-resident-cases-of-covid-19\/\" \/>\n<meta property=\"og:locale\" content=\"fr_FR\" \/>\n<meta property=\"og:type\" content=\"article\" \/>\n<meta property=\"og:title\" content=\"Mise \u00e0 jour sur la COVID-19 : 13 avril 2020 - Cas confirm\u00e9s de COVID-19 chez des personnes r\u00e9sidentes\" \/>\n<meta property=\"og:description\" content=\"Au cours du dernier jour, nous avons \u00e9t\u00e9 avis\u00e9s par [&hellip;]\" \/>\n<meta property=\"og:url\" content=\"https:\/\/shannex.com\/fr\/nouvelles-et-annonces\/covid-19-fr\/covid-19-update-april-13-2020-confirmed-resident-cases-of-covid-19\/\" \/>\n<meta property=\"og:site_name\" content=\"Shannex\" \/>\n<meta property=\"article:published_time\" content=\"2020-04-13T21:16:15+00:00\" \/>\n<meta property=\"article:modified_time\" content=\"2022-03-17T16:10:57+00:00\" \/>\n<meta property=\"og:image\" content=\"https:\/\/shannex.com\/wp-content\/uploads\/2021\/05\/news_covid19_image.jpg\" \/>\n\t<meta property=\"og:image:width\" content=\"752\" \/>\n\t<meta property=\"og:image:height\" content=\"452\" \/>\n\t<meta property=\"og:image:type\" content=\"image\/jpeg\" \/>\n<meta name=\"author\" content=\"Wynne Van Thielen\" \/>\n<meta name=\"twitter:card\" content=\"summary_large_image\" \/>\n<meta name=\"twitter:label1\" content=\"\u00c9crit par\" \/>\n\t<meta name=\"twitter:data1\" content=\"Wynne Van Thielen\" \/>\n\t<meta name=\"twitter:label2\" content=\"Dur\u00e9e de lecture estim\u00e9e\" \/>\n\t<meta name=\"twitter:data2\" content=\"3 minutes\" \/>\n<script type=\"application\/ld+json\" class=\"yoast-schema-graph\">{\"@context\":\"https:\\\/\\\/schema.org\",\"@graph\":[{\"@type\":\"Article\",\"@id\":\"https:\\\/\\\/shannex.com\\\/fr\\\/nouvelles-et-annonces\\\/covid-19-fr\\\/covid-19-update-april-13-2020-confirmed-resident-cases-of-covid-19\\\/#article\",\"isPartOf\":{\"@id\":\"https:\\\/\\\/shannex.com\\\/fr\\\/nouvelles-et-annonces\\\/covid-19-fr\\\/covid-19-update-april-13-2020-confirmed-resident-cases-of-covid-19\\\/\"},\"author\":{\"name\":\"Wynne Van Thielen\",\"@id\":\"https:\\\/\\\/shannex.com\\\/fr\\\/#\\\/schema\\\/person\\\/6d097523361a149d3338a2e088c16a81\"},\"headline\":\"Mise \u00e0 jour sur la COVID-19 : 13 avril 2020 &#8211; Cas confirm\u00e9s de COVID-19 chez des personnes r\u00e9sidentes\",\"datePublished\":\"2020-04-13T21:16:15+00:00\",\"dateModified\":\"2022-03-17T16:10:57+00:00\",\"mainEntityOfPage\":{\"@id\":\"https:\\\/\\\/shannex.com\\\/fr\\\/nouvelles-et-annonces\\\/covid-19-fr\\\/covid-19-update-april-13-2020-confirmed-resident-cases-of-covid-19\\\/\"},\"wordCount\":735,\"publisher\":{\"@id\":\"https:\\\/\\\/shannex.com\\\/fr\\\/#organization\"},\"image\":{\"@id\":\"https:\\\/\\\/shannex.com\\\/fr\\\/nouvelles-et-annonces\\\/covid-19-fr\\\/covid-19-update-april-13-2020-confirmed-resident-cases-of-covid-19\\\/#primaryimage\"},\"thumbnailUrl\":\"https:\\\/\\\/shannex.com\\\/wp-content\\\/uploads\\\/2021\\\/05\\\/news_covid19_image.jpg\",\"articleSection\":[\"COVID-19\"],\"inLanguage\":\"fr-FR\"},{\"@type\":\"WebPage\",\"@id\":\"https:\\\/\\\/shannex.com\\\/fr\\\/nouvelles-et-annonces\\\/covid-19-fr\\\/covid-19-update-april-13-2020-confirmed-resident-cases-of-covid-19\\\/\",\"url\":\"https:\\\/\\\/shannex.com\\\/fr\\\/nouvelles-et-annonces\\\/covid-19-fr\\\/covid-19-update-april-13-2020-confirmed-resident-cases-of-covid-19\\\/\",\"name\":\"Mise \u00e0 jour sur la COVID-19 : 13 avril 2020 - Cas confirm\u00e9s de COVID-19 chez des personnes r\u00e9sidentes\",\"isPartOf\":{\"@id\":\"https:\\\/\\\/shannex.com\\\/fr\\\/#website\"},\"primaryImageOfPage\":{\"@id\":\"https:\\\/\\\/shannex.com\\\/fr\\\/nouvelles-et-annonces\\\/covid-19-fr\\\/covid-19-update-april-13-2020-confirmed-resident-cases-of-covid-19\\\/#primaryimage\"},\"image\":{\"@id\":\"https:\\\/\\\/shannex.com\\\/fr\\\/nouvelles-et-annonces\\\/covid-19-fr\\\/covid-19-update-april-13-2020-confirmed-resident-cases-of-covid-19\\\/#primaryimage\"},\"thumbnailUrl\":\"https:\\\/\\\/shannex.com\\\/wp-content\\\/uploads\\\/2021\\\/05\\\/news_covid19_image.jpg\",\"datePublished\":\"2020-04-13T21:16:15+00:00\",\"dateModified\":\"2022-03-17T16:10:57+00:00\",\"inLanguage\":\"fr-FR\",\"potentialAction\":[{\"@type\":\"ReadAction\",\"target\":[\"https:\\\/\\\/shannex.com\\\/fr\\\/nouvelles-et-annonces\\\/covid-19-fr\\\/covid-19-update-april-13-2020-confirmed-resident-cases-of-covid-19\\\/\"]}]},{\"@type\":\"ImageObject\",\"inLanguage\":\"fr-FR\",\"@id\":\"https:\\\/\\\/shannex.com\\\/fr\\\/nouvelles-et-annonces\\\/covid-19-fr\\\/covid-19-update-april-13-2020-confirmed-resident-cases-of-covid-19\\\/#primaryimage\",\"url\":\"https:\\\/\\\/shannex.com\\\/wp-content\\\/uploads\\\/2021\\\/05\\\/news_covid19_image.jpg\",\"contentUrl\":\"https:\\\/\\\/shannex.com\\\/wp-content\\\/uploads\\\/2021\\\/05\\\/news_covid19_image.jpg\",\"width\":752,\"height\":452},{\"@type\":\"WebSite\",\"@id\":\"https:\\\/\\\/shannex.com\\\/fr\\\/#website\",\"url\":\"https:\\\/\\\/shannex.com\\\/fr\\\/\",\"name\":\"Shannex\",\"description\":\"\",\"publisher\":{\"@id\":\"https:\\\/\\\/shannex.com\\\/fr\\\/#organization\"},\"potentialAction\":[{\"@type\":\"SearchAction\",\"target\":{\"@type\":\"EntryPoint\",\"urlTemplate\":\"https:\\\/\\\/shannex.com\\\/fr\\\/?s={search_term_string}\"},\"query-input\":{\"@type\":\"PropertyValueSpecification\",\"valueRequired\":true,\"valueName\":\"search_term_string\"}}],\"inLanguage\":\"fr-FR\"},{\"@type\":\"Organization\",\"@id\":\"https:\\\/\\\/shannex.com\\\/fr\\\/#organization\",\"name\":\"Shannex\",\"url\":\"https:\\\/\\\/shannex.com\\\/fr\\\/\",\"logo\":{\"@type\":\"ImageObject\",\"inLanguage\":\"fr-FR\",\"@id\":\"https:\\\/\\\/shannex.com\\\/fr\\\/#\\\/schema\\\/logo\\\/image\\\/\",\"url\":\"https:\\\/\\\/shannex.com\\\/wp-content\\\/uploads\\\/2022\\\/01\\\/shannex-logo.svg\",\"contentUrl\":\"https:\\\/\\\/shannex.com\\\/wp-content\\\/uploads\\\/2022\\\/01\\\/shannex-logo.svg\",\"width\":486,\"height\":91,\"caption\":\"Shannex\"},\"image\":{\"@id\":\"https:\\\/\\\/shannex.com\\\/fr\\\/#\\\/schema\\\/logo\\\/image\\\/\"}},{\"@type\":\"Person\",\"@id\":\"https:\\\/\\\/shannex.com\\\/fr\\\/#\\\/schema\\\/person\\\/6d097523361a149d3338a2e088c16a81\",\"name\":\"Wynne Van Thielen\",\"image\":{\"@type\":\"ImageObject\",\"inLanguage\":\"fr-FR\",\"@id\":\"https:\\\/\\\/secure.gravatar.com\\\/avatar\\\/55d6bac15308d5174d1b5343a5795ffb8f9f359905470b8f19f245da0bf3ad79?s=96&d=mm&r=g\",\"url\":\"https:\\\/\\\/secure.gravatar.com\\\/avatar\\\/55d6bac15308d5174d1b5343a5795ffb8f9f359905470b8f19f245da0bf3ad79?s=96&d=mm&r=g\",\"contentUrl\":\"https:\\\/\\\/secure.gravatar.com\\\/avatar\\\/55d6bac15308d5174d1b5343a5795ffb8f9f359905470b8f19f245da0bf3ad79?s=96&d=mm&r=g\",\"caption\":\"Wynne Van Thielen\"},\"sameAs\":[\"https:\\\/\\\/shannex.com\"],\"url\":\"https:\\\/\\\/shannex.com\\\/fr\\\/author\\\/wynne\\\/\"}]}<\/script>\n<!-- \/ Yoast SEO plugin. -->","yoast_head_json":{"title":"Mise \u00e0 jour sur la COVID-19 : 13 avril 2020 - Cas confirm\u00e9s de COVID-19 chez des personnes r\u00e9sidentes","robots":{"index":"index","follow":"follow","max-snippet":"max-snippet:-1","max-image-preview":"max-image-preview:large","max-video-preview":"max-video-preview:-1"},"canonical":"https:\/\/shannex.com\/fr\/nouvelles-et-annonces\/covid-19-fr\/covid-19-update-april-13-2020-confirmed-resident-cases-of-covid-19\/","og_locale":"fr_FR","og_type":"article","og_title":"Mise \u00e0 jour sur la COVID-19 : 13 avril 2020 - Cas confirm\u00e9s de COVID-19 chez des personnes r\u00e9sidentes","og_description":"Au cours du dernier jour, nous avons \u00e9t\u00e9 avis\u00e9s par [&hellip;]","og_url":"https:\/\/shannex.com\/fr\/nouvelles-et-annonces\/covid-19-fr\/covid-19-update-april-13-2020-confirmed-resident-cases-of-covid-19\/","og_site_name":"Shannex","article_published_time":"2020-04-13T21:16:15+00:00","article_modified_time":"2022-03-17T16:10:57+00:00","og_image":[{"width":752,"height":452,"url":"https:\/\/shannex.com\/wp-content\/uploads\/2021\/05\/news_covid19_image.jpg","type":"image\/jpeg"}],"author":"Wynne Van Thielen","twitter_card":"summary_large_image","twitter_misc":{"\u00c9crit par":"Wynne Van Thielen","Dur\u00e9e de lecture estim\u00e9e":"3 minutes"},"schema":{"@context":"https:\/\/schema.org","@graph":[{"@type":"Article","@id":"https:\/\/shannex.com\/fr\/nouvelles-et-annonces\/covid-19-fr\/covid-19-update-april-13-2020-confirmed-resident-cases-of-covid-19\/#article","isPartOf":{"@id":"https:\/\/shannex.com\/fr\/nouvelles-et-annonces\/covid-19-fr\/covid-19-update-april-13-2020-confirmed-resident-cases-of-covid-19\/"},"author":{"name":"Wynne Van Thielen","@id":"https:\/\/shannex.com\/fr\/#\/schema\/person\/6d097523361a149d3338a2e088c16a81"},"headline":"Mise \u00e0 jour sur la COVID-19 : 13 avril 2020 &#8211; Cas confirm\u00e9s de COVID-19 chez des personnes r\u00e9sidentes","datePublished":"2020-04-13T21:16:15+00:00","dateModified":"2022-03-17T16:10:57+00:00","mainEntityOfPage":{"@id":"https:\/\/shannex.com\/fr\/nouvelles-et-annonces\/covid-19-fr\/covid-19-update-april-13-2020-confirmed-resident-cases-of-covid-19\/"},"wordCount":735,"publisher":{"@id":"https:\/\/shannex.com\/fr\/#organization"},"image":{"@id":"https:\/\/shannex.com\/fr\/nouvelles-et-annonces\/covid-19-fr\/covid-19-update-april-13-2020-confirmed-resident-cases-of-covid-19\/#primaryimage"},"thumbnailUrl":"https:\/\/shannex.com\/wp-content\/uploads\/2021\/05\/news_covid19_image.jpg","articleSection":["COVID-19"],"inLanguage":"fr-FR"},{"@type":"WebPage","@id":"https:\/\/shannex.com\/fr\/nouvelles-et-annonces\/covid-19-fr\/covid-19-update-april-13-2020-confirmed-resident-cases-of-covid-19\/","url":"https:\/\/shannex.com\/fr\/nouvelles-et-annonces\/covid-19-fr\/covid-19-update-april-13-2020-confirmed-resident-cases-of-covid-19\/","name":"Mise \u00e0 jour sur la COVID-19 : 13 avril 2020 - Cas confirm\u00e9s de COVID-19 chez des personnes r\u00e9sidentes","isPartOf":{"@id":"https:\/\/shannex.com\/fr\/#website"},"primaryImageOfPage":{"@id":"https:\/\/shannex.com\/fr\/nouvelles-et-annonces\/covid-19-fr\/covid-19-update-april-13-2020-confirmed-resident-cases-of-covid-19\/#primaryimage"},"image":{"@id":"https:\/\/shannex.com\/fr\/nouvelles-et-annonces\/covid-19-fr\/covid-19-update-april-13-2020-confirmed-resident-cases-of-covid-19\/#primaryimage"},"thumbnailUrl":"https:\/\/shannex.com\/wp-content\/uploads\/2021\/05\/news_covid19_image.jpg","datePublished":"2020-04-13T21:16:15+00:00","dateModified":"2022-03-17T16:10:57+00:00","inLanguage":"fr-FR","potentialAction":[{"@type":"ReadAction","target":["https:\/\/shannex.com\/fr\/nouvelles-et-annonces\/covid-19-fr\/covid-19-update-april-13-2020-confirmed-resident-cases-of-covid-19\/"]}]},{"@type":"ImageObject","inLanguage":"fr-FR","@id":"https:\/\/shannex.com\/fr\/nouvelles-et-annonces\/covid-19-fr\/covid-19-update-april-13-2020-confirmed-resident-cases-of-covid-19\/#primaryimage","url":"https:\/\/shannex.com\/wp-content\/uploads\/2021\/05\/news_covid19_image.jpg","contentUrl":"https:\/\/shannex.com\/wp-content\/uploads\/2021\/05\/news_covid19_image.jpg","width":752,"height":452},{"@type":"WebSite","@id":"https:\/\/shannex.com\/fr\/#website","url":"https:\/\/shannex.com\/fr\/","name":"Shannex","description":"","publisher":{"@id":"https:\/\/shannex.com\/fr\/#organization"},"potentialAction":[{"@type":"SearchAction","target":{"@type":"EntryPoint","urlTemplate":"https:\/\/shannex.com\/fr\/?s={search_term_string}"},"query-input":{"@type":"PropertyValueSpecification","valueRequired":true,"valueName":"search_term_string"}}],"inLanguage":"fr-FR"},{"@type":"Organization","@id":"https:\/\/shannex.com\/fr\/#organization","name":"Shannex","url":"https:\/\/shannex.com\/fr\/","logo":{"@type":"ImageObject","inLanguage":"fr-FR","@id":"https:\/\/shannex.com\/fr\/#\/schema\/logo\/image\/","url":"https:\/\/shannex.com\/wp-content\/uploads\/2022\/01\/shannex-logo.svg","contentUrl":"https:\/\/shannex.com\/wp-content\/uploads\/2022\/01\/shannex-logo.svg","width":486,"height":91,"caption":"Shannex"},"image":{"@id":"https:\/\/shannex.com\/fr\/#\/schema\/logo\/image\/"}},{"@type":"Person","@id":"https:\/\/shannex.com\/fr\/#\/schema\/person\/6d097523361a149d3338a2e088c16a81","name":"Wynne Van Thielen","image":{"@type":"ImageObject","inLanguage":"fr-FR","@id":"https:\/\/secure.gravatar.com\/avatar\/55d6bac15308d5174d1b5343a5795ffb8f9f359905470b8f19f245da0bf3ad79?s=96&d=mm&r=g","url":"https:\/\/secure.gravatar.com\/avatar\/55d6bac15308d5174d1b5343a5795ffb8f9f359905470b8f19f245da0bf3ad79?s=96&d=mm&r=g","contentUrl":"https:\/\/secure.gravatar.com\/avatar\/55d6bac15308d5174d1b5343a5795ffb8f9f359905470b8f19f245da0bf3ad79?s=96&d=mm&r=g","caption":"Wynne Van Thielen"},"sameAs":["https:\/\/shannex.com"],"url":"https:\/\/shannex.com\/fr\/author\/wynne\/"}]}},"_links":{"self":[{"href":"https:\/\/shannex.com\/fr\/wp-json\/wp\/v2\/posts\/7150","targetHints":{"allow":["GET"]}}],"collection":[{"href":"https:\/\/shannex.com\/fr\/wp-json\/wp\/v2\/posts"}],"about":[{"href":"https:\/\/shannex.com\/fr\/wp-json\/wp\/v2\/types\/post"}],"author":[{"embeddable":true,"href":"https:\/\/shannex.com\/fr\/wp-json\/wp\/v2\/users\/4"}],"replies":[{"embeddable":true,"href":"https:\/\/shannex.com\/fr\/wp-json\/wp\/v2\/comments?post=7150"}],"version-history":[{"count":0,"href":"https:\/\/shannex.com\/fr\/wp-json\/wp\/v2\/posts\/7150\/revisions"}],"wp:featuredmedia":[{"embeddable":true,"href":"https:\/\/shannex.com\/fr\/wp-json\/wp\/v2\/media\/7357"}],"wp:attachment":[{"href":"https:\/\/shannex.com\/fr\/wp-json\/wp\/v2\/media?parent=7150"}],"wp:term":[{"taxonomy":"category","embeddable":true,"href":"https:\/\/shannex.com\/fr\/wp-json\/wp\/v2\/categories?post=7150"},{"taxonomy":"post_tag","embeddable":true,"href":"https:\/\/shannex.com\/fr\/wp-json\/wp\/v2\/tags?post=7150"}],"curies":[{"name":"wp","href":"https:\/\/api.w.org\/{rel}","templated":true}]}}