{"id":7200,"date":"2020-05-05T10:50:27","date_gmt":"2020-05-05T14:50:27","guid":{"rendered":"https:\/\/shannex.com\/non-classifiee\/covid-19-update-may-5-2020-a-message-to-our-valued-community\/"},"modified":"2024-01-15T14:25:49","modified_gmt":"2024-01-15T18:25:49","slug":"covid-19-update-may-5-2020-a-message-to-our-valued-community","status":"publish","type":"post","link":"https:\/\/shannex.com\/fr\/nouvelles-et-annonces\/covid-19-fr\/covid-19-update-may-5-2020-a-message-to-our-valued-community\/","title":{"rendered":"Mise \u00e0 jour sur la COVID-19 : 5 mai 2020 \u2013 Un message \u00e0 notre communaut\u00e9"},"content":{"rendered":"\n<div style=\"height:100px\" aria-hidden=\"true\" class=\"wp-block-spacer\"><\/div>\n\n\n\n<p>\u00c0 notre ch\u00e8re communaut\u00e9 :<\/p>\n\n\n\n<p>J\u2019ai le plaisir d\u2019annoncer que deux personnes r\u00e9sidentes soign\u00e9es dans nos zones de soins d\u00e9sign\u00e9es\/rassemblement en cohorte en raison de diagnostics confirm\u00e9s de COVID-19 sont maintenant consid\u00e9r\u00e9es comme r\u00e9cup\u00e9r\u00e9es et sont rentr\u00e9es chez elles. Il s\u2019agit d\u2019une tr\u00e8s bonne nouvelle, surtout pour leurs familles et pour le personnel qui en prend soin tous les jours.<\/p>\n\n\n\n<p>T\u00f4t dans notre r\u00e9ponse en \u00e9volution \u00e0 la COVID-19, nous avons d\u00e9cid\u00e9 de cr\u00e9er des zones de soins d\u00e9sign\u00e9es\/rassemblement en cohorte afin de cr\u00e9er les circonstances les plus s\u00e9curitaires possibles \u00e0 la fois pour les personnes r\u00e9sidentes et le personnel. Cette d\u00e9cision \u00e9tait fond\u00e9e sur le fait que nous ne comprenions pas la nature v\u00e9ritable du virus ni les d\u00e9tails de sa propagation, donc l\u2019utilisation de nos proc\u00e9dures usuelles d\u2019isolement \u00e0 l\u2019int\u00e9rieur des chambres pourrait se relever difficile. Nous comprenons que cette d\u00e9cision ait suscit\u00e9 des pr\u00e9occupations chez certaines familles, mais nous voulions prendre toutes les pr\u00e9cautions pour \u00e9viter de transmettre le virus \u00e0 d\u2019autres r\u00e9sidences. Je suis fier d\u2019affirmer que la cr\u00e9ation de ces zones a r\u00e9pondu \u00e0 nos attentes, car elles nous ont permis de contenir le virus en l\u2019\u00e9liminant dans la r\u00e9sidence et en assurant que seul le personnel d\u00e9sign\u00e9 soigne les personnes atteintes de COVID-19. Comme aucune personne r\u00e9sidente n\u2019en est actuellement atteinte, nous fermons temporairement les zones de soins d\u00e9sign\u00e9es\/rassemblement en cohorte. Cela \u00e9tant dit, il est possible de les rouvrir tr\u00e8s rapidement, au besoin.<\/p>\n\n\n\n<p>Rien de cela ne serait possible sans le soutien de nos personnes exceptionnelles qui \u00e9taient, et qui sont, pr\u00eates \u00e0 travailler dans ces zones pour soigner les personnes r\u00e9sidentes lorsqu\u2019elles en ont le plus besoin. Que vous ayez d\u00e9j\u00e0 r\u00e9pondu \u00e0 l\u2019appel ou que vous vous teniez pr\u00eat \u00e0 faire votre part, nous vous remercions.<\/p>\n\n\n\n<p>La r\u00e9duction des restrictions au Nouveau-Brunswick au cours des deux derni\u00e8res semaines est aussi une nouvelle encourageante. Bien que nous devions demeurer vigilants, nous \u00e9laborons des strat\u00e9gies pour permettre aux personnes r\u00e9sidentes dans nos communaut\u00e9s au Nouveau-Brunswick de quitter les lieux et de recevoir des visites en toute s\u00e9curit\u00e9 gr\u00e2ce \u00e0 l\u2019application de protocoles de d\u00e9pistage et d\u2019\u00e9quipements de protection personnelle. Lorsque ces protocoles sont finalis\u00e9s et approuv\u00e9s par les autorit\u00e9s sanitaires, nous les partagerons avec toutes nos parties prenantes. En Nouvelle-\u00c9cosse, nous demeurons prudents pour le moment et ne changeons aucun protocole. Nous vous aviserons toujours de changements dans nos communaut\u00e9s avant de les mettre en \u0153uvre.<\/p>\n\n\n\n<p>Notre plan de r\u00e9cup\u00e9ration sera orient\u00e9 par les m\u00eames principes que notre plan de r\u00e9ponse \u00e0 la COVID-19, notamment la prise de d\u00e9cision fond\u00e9e sur les renseignements fournis par l\u2019Organisation mondiale de la sant\u00e9, l\u2019Agence de la sant\u00e9 publique du Canada et les autorit\u00e9s sanitaires provinciales.<\/p>\n\n\n\n<p>Chacun et chacune de nous a contribu\u00e9 \u00e0 l\u2019aplatissement de la courbe et au progr\u00e8s actuel. Nous devons continuer de bien faire les choses en suivant les directives des autorit\u00e9s sanitaires et en s\u2019auto-surveillant pour les sympt\u00f4mes. Nous demeurons pr\u00e9par\u00e9s et sommes conscients du fait que la COVID-19 est toujours pr\u00e9sente dans nos communaut\u00e9s et pourrait appara\u00eetre \u00e0 tout moment.<\/p>\n\n\n\n<p class=\"has-text-align-left\">C\u2019est ensemble que nous nous en sortirons.<\/p>\n\n\n\n<figure class=\"wp-block-image size-full\"><img decoding=\"async\" width=\"300\" height=\"232\" src=\"https:\/\/shannex.com\/wp-content\/uploads\/2024\/01\/Jason_signature_NEW-300x232-3.png\" alt=\"\" class=\"wp-image-21762\"\/><\/figure>\n\n\n\n<p>Jason Shannon, Pr\u00e9sident et directeur de l\u2019exploitation<\/p>\n","protected":false},"excerpt":{"rendered":"<p>\u00c0 notre ch\u00e8re communaut\u00e9 : J\u2019ai le plaisir d\u2019annoncer que [&hellip;]<\/p>\n","protected":false},"author":4,"featured_media":7357,"comment_status":"closed","ping_status":"closed","sticky":false,"template":"","format":"standard","meta":{"_acf_changed":false,"inline_featured_image":false,"footnotes":""},"categories":[47],"tags":[],"class_list":["post-7200","post","type-post","status-publish","format-standard","has-post-thumbnail","hentry","category-covid-19-fr"],"acf":[],"yoast_head":"<!-- This site is optimized with the Yoast SEO plugin v27.3 - https:\/\/yoast.com\/product\/yoast-seo-wordpress\/ -->\n<title>Mise \u00e0 jour sur la COVID-19 : 5 mai 2020 \u2013 Un message \u00e0 notre communaut\u00e9<\/title>\n<meta name=\"robots\" content=\"index, follow, max-snippet:-1, max-image-preview:large, max-video-preview:-1\" \/>\n<link rel=\"canonical\" href=\"https:\/\/shannex.com\/fr\/nouvelles-et-annonces\/covid-19-fr\/covid-19-update-may-5-2020-a-message-to-our-valued-community\/\" \/>\n<meta property=\"og:locale\" content=\"fr_FR\" \/>\n<meta property=\"og:type\" content=\"article\" \/>\n<meta property=\"og:title\" content=\"Mise \u00e0 jour sur la COVID-19 : 5 mai 2020 \u2013 Un message \u00e0 notre communaut\u00e9\" \/>\n<meta property=\"og:description\" content=\"\u00c0 notre ch\u00e8re communaut\u00e9 : J\u2019ai le plaisir d\u2019annoncer que [&hellip;]\" \/>\n<meta property=\"og:url\" content=\"https:\/\/shannex.com\/fr\/nouvelles-et-annonces\/covid-19-fr\/covid-19-update-may-5-2020-a-message-to-our-valued-community\/\" \/>\n<meta property=\"og:site_name\" content=\"Shannex\" \/>\n<meta property=\"article:published_time\" content=\"2020-05-05T14:50:27+00:00\" \/>\n<meta property=\"article:modified_time\" content=\"2024-01-15T18:25:49+00:00\" \/>\n<meta property=\"og:image\" content=\"https:\/\/shannex.com\/wp-content\/uploads\/2021\/05\/news_covid19_image.jpg\" \/>\n\t<meta property=\"og:image:width\" content=\"752\" \/>\n\t<meta property=\"og:image:height\" content=\"452\" \/>\n\t<meta property=\"og:image:type\" content=\"image\/jpeg\" \/>\n<meta name=\"author\" content=\"Wynne Van Thielen\" \/>\n<meta name=\"twitter:card\" content=\"summary_large_image\" \/>\n<meta name=\"twitter:label1\" content=\"\u00c9crit par\" \/>\n\t<meta name=\"twitter:data1\" content=\"Wynne Van Thielen\" \/>\n\t<meta name=\"twitter:label2\" content=\"Dur\u00e9e de lecture estim\u00e9e\" \/>\n\t<meta name=\"twitter:data2\" content=\"3 minutes\" \/>\n<script type=\"application\/ld+json\" class=\"yoast-schema-graph\">{\"@context\":\"https:\\\/\\\/schema.org\",\"@graph\":[{\"@type\":\"Article\",\"@id\":\"https:\\\/\\\/shannex.com\\\/fr\\\/nouvelles-et-annonces\\\/covid-19-fr\\\/covid-19-update-may-5-2020-a-message-to-our-valued-community\\\/#article\",\"isPartOf\":{\"@id\":\"https:\\\/\\\/shannex.com\\\/fr\\\/nouvelles-et-annonces\\\/covid-19-fr\\\/covid-19-update-may-5-2020-a-message-to-our-valued-community\\\/\"},\"author\":{\"name\":\"Wynne Van Thielen\",\"@id\":\"https:\\\/\\\/shannex.com\\\/fr\\\/#\\\/schema\\\/person\\\/6d097523361a149d3338a2e088c16a81\"},\"headline\":\"Mise \u00e0 jour sur la COVID-19 : 5 mai 2020 \u2013 Un message \u00e0 notre communaut\u00e9\",\"datePublished\":\"2020-05-05T14:50:27+00:00\",\"dateModified\":\"2024-01-15T18:25:49+00:00\",\"mainEntityOfPage\":{\"@id\":\"https:\\\/\\\/shannex.com\\\/fr\\\/nouvelles-et-annonces\\\/covid-19-fr\\\/covid-19-update-may-5-2020-a-message-to-our-valued-community\\\/\"},\"wordCount\":617,\"publisher\":{\"@id\":\"https:\\\/\\\/shannex.com\\\/fr\\\/#organization\"},\"image\":{\"@id\":\"https:\\\/\\\/shannex.com\\\/fr\\\/nouvelles-et-annonces\\\/covid-19-fr\\\/covid-19-update-may-5-2020-a-message-to-our-valued-community\\\/#primaryimage\"},\"thumbnailUrl\":\"https:\\\/\\\/shannex.com\\\/wp-content\\\/uploads\\\/2021\\\/05\\\/news_covid19_image.jpg\",\"articleSection\":[\"COVID-19\"],\"inLanguage\":\"fr-FR\"},{\"@type\":\"WebPage\",\"@id\":\"https:\\\/\\\/shannex.com\\\/fr\\\/nouvelles-et-annonces\\\/covid-19-fr\\\/covid-19-update-may-5-2020-a-message-to-our-valued-community\\\/\",\"url\":\"https:\\\/\\\/shannex.com\\\/fr\\\/nouvelles-et-annonces\\\/covid-19-fr\\\/covid-19-update-may-5-2020-a-message-to-our-valued-community\\\/\",\"name\":\"Mise \u00e0 jour sur la COVID-19 : 5 mai 2020 \u2013 Un message \u00e0 notre communaut\u00e9\",\"isPartOf\":{\"@id\":\"https:\\\/\\\/shannex.com\\\/fr\\\/#website\"},\"primaryImageOfPage\":{\"@id\":\"https:\\\/\\\/shannex.com\\\/fr\\\/nouvelles-et-annonces\\\/covid-19-fr\\\/covid-19-update-may-5-2020-a-message-to-our-valued-community\\\/#primaryimage\"},\"image\":{\"@id\":\"https:\\\/\\\/shannex.com\\\/fr\\\/nouvelles-et-annonces\\\/covid-19-fr\\\/covid-19-update-may-5-2020-a-message-to-our-valued-community\\\/#primaryimage\"},\"thumbnailUrl\":\"https:\\\/\\\/shannex.com\\\/wp-content\\\/uploads\\\/2021\\\/05\\\/news_covid19_image.jpg\",\"datePublished\":\"2020-05-05T14:50:27+00:00\",\"dateModified\":\"2024-01-15T18:25:49+00:00\",\"inLanguage\":\"fr-FR\",\"potentialAction\":[{\"@type\":\"ReadAction\",\"target\":[\"https:\\\/\\\/shannex.com\\\/fr\\\/nouvelles-et-annonces\\\/covid-19-fr\\\/covid-19-update-may-5-2020-a-message-to-our-valued-community\\\/\"]}]},{\"@type\":\"ImageObject\",\"inLanguage\":\"fr-FR\",\"@id\":\"https:\\\/\\\/shannex.com\\\/fr\\\/nouvelles-et-annonces\\\/covid-19-fr\\\/covid-19-update-may-5-2020-a-message-to-our-valued-community\\\/#primaryimage\",\"url\":\"https:\\\/\\\/shannex.com\\\/wp-content\\\/uploads\\\/2021\\\/05\\\/news_covid19_image.jpg\",\"contentUrl\":\"https:\\\/\\\/shannex.com\\\/wp-content\\\/uploads\\\/2021\\\/05\\\/news_covid19_image.jpg\",\"width\":752,\"height\":452},{\"@type\":\"WebSite\",\"@id\":\"https:\\\/\\\/shannex.com\\\/fr\\\/#website\",\"url\":\"https:\\\/\\\/shannex.com\\\/fr\\\/\",\"name\":\"Shannex\",\"description\":\"\",\"publisher\":{\"@id\":\"https:\\\/\\\/shannex.com\\\/fr\\\/#organization\"},\"potentialAction\":[{\"@type\":\"SearchAction\",\"target\":{\"@type\":\"EntryPoint\",\"urlTemplate\":\"https:\\\/\\\/shannex.com\\\/fr\\\/?s={search_term_string}\"},\"query-input\":{\"@type\":\"PropertyValueSpecification\",\"valueRequired\":true,\"valueName\":\"search_term_string\"}}],\"inLanguage\":\"fr-FR\"},{\"@type\":\"Organization\",\"@id\":\"https:\\\/\\\/shannex.com\\\/fr\\\/#organization\",\"name\":\"Shannex\",\"url\":\"https:\\\/\\\/shannex.com\\\/fr\\\/\",\"logo\":{\"@type\":\"ImageObject\",\"inLanguage\":\"fr-FR\",\"@id\":\"https:\\\/\\\/shannex.com\\\/fr\\\/#\\\/schema\\\/logo\\\/image\\\/\",\"url\":\"https:\\\/\\\/shannex.com\\\/wp-content\\\/uploads\\\/2022\\\/01\\\/shannex-logo.svg\",\"contentUrl\":\"https:\\\/\\\/shannex.com\\\/wp-content\\\/uploads\\\/2022\\\/01\\\/shannex-logo.svg\",\"width\":486,\"height\":91,\"caption\":\"Shannex\"},\"image\":{\"@id\":\"https:\\\/\\\/shannex.com\\\/fr\\\/#\\\/schema\\\/logo\\\/image\\\/\"}},{\"@type\":\"Person\",\"@id\":\"https:\\\/\\\/shannex.com\\\/fr\\\/#\\\/schema\\\/person\\\/6d097523361a149d3338a2e088c16a81\",\"name\":\"Wynne Van Thielen\",\"image\":{\"@type\":\"ImageObject\",\"inLanguage\":\"fr-FR\",\"@id\":\"https:\\\/\\\/secure.gravatar.com\\\/avatar\\\/55d6bac15308d5174d1b5343a5795ffb8f9f359905470b8f19f245da0bf3ad79?s=96&d=mm&r=g\",\"url\":\"https:\\\/\\\/secure.gravatar.com\\\/avatar\\\/55d6bac15308d5174d1b5343a5795ffb8f9f359905470b8f19f245da0bf3ad79?s=96&d=mm&r=g\",\"contentUrl\":\"https:\\\/\\\/secure.gravatar.com\\\/avatar\\\/55d6bac15308d5174d1b5343a5795ffb8f9f359905470b8f19f245da0bf3ad79?s=96&d=mm&r=g\",\"caption\":\"Wynne Van Thielen\"},\"sameAs\":[\"https:\\\/\\\/shannex.com\"],\"url\":\"https:\\\/\\\/shannex.com\\\/fr\\\/author\\\/wynne\\\/\"}]}<\/script>\n<!-- \/ Yoast SEO plugin. -->","yoast_head_json":{"title":"Mise \u00e0 jour sur la COVID-19 : 5 mai 2020 \u2013 Un message \u00e0 notre communaut\u00e9","robots":{"index":"index","follow":"follow","max-snippet":"max-snippet:-1","max-image-preview":"max-image-preview:large","max-video-preview":"max-video-preview:-1"},"canonical":"https:\/\/shannex.com\/fr\/nouvelles-et-annonces\/covid-19-fr\/covid-19-update-may-5-2020-a-message-to-our-valued-community\/","og_locale":"fr_FR","og_type":"article","og_title":"Mise \u00e0 jour sur la COVID-19 : 5 mai 2020 \u2013 Un message \u00e0 notre communaut\u00e9","og_description":"\u00c0 notre ch\u00e8re communaut\u00e9 : J\u2019ai le plaisir d\u2019annoncer que [&hellip;]","og_url":"https:\/\/shannex.com\/fr\/nouvelles-et-annonces\/covid-19-fr\/covid-19-update-may-5-2020-a-message-to-our-valued-community\/","og_site_name":"Shannex","article_published_time":"2020-05-05T14:50:27+00:00","article_modified_time":"2024-01-15T18:25:49+00:00","og_image":[{"width":752,"height":452,"url":"https:\/\/shannex.com\/wp-content\/uploads\/2021\/05\/news_covid19_image.jpg","type":"image\/jpeg"}],"author":"Wynne Van Thielen","twitter_card":"summary_large_image","twitter_misc":{"\u00c9crit par":"Wynne Van Thielen","Dur\u00e9e de lecture estim\u00e9e":"3 minutes"},"schema":{"@context":"https:\/\/schema.org","@graph":[{"@type":"Article","@id":"https:\/\/shannex.com\/fr\/nouvelles-et-annonces\/covid-19-fr\/covid-19-update-may-5-2020-a-message-to-our-valued-community\/#article","isPartOf":{"@id":"https:\/\/shannex.com\/fr\/nouvelles-et-annonces\/covid-19-fr\/covid-19-update-may-5-2020-a-message-to-our-valued-community\/"},"author":{"name":"Wynne Van Thielen","@id":"https:\/\/shannex.com\/fr\/#\/schema\/person\/6d097523361a149d3338a2e088c16a81"},"headline":"Mise \u00e0 jour sur la COVID-19 : 5 mai 2020 \u2013 Un message \u00e0 notre communaut\u00e9","datePublished":"2020-05-05T14:50:27+00:00","dateModified":"2024-01-15T18:25:49+00:00","mainEntityOfPage":{"@id":"https:\/\/shannex.com\/fr\/nouvelles-et-annonces\/covid-19-fr\/covid-19-update-may-5-2020-a-message-to-our-valued-community\/"},"wordCount":617,"publisher":{"@id":"https:\/\/shannex.com\/fr\/#organization"},"image":{"@id":"https:\/\/shannex.com\/fr\/nouvelles-et-annonces\/covid-19-fr\/covid-19-update-may-5-2020-a-message-to-our-valued-community\/#primaryimage"},"thumbnailUrl":"https:\/\/shannex.com\/wp-content\/uploads\/2021\/05\/news_covid19_image.jpg","articleSection":["COVID-19"],"inLanguage":"fr-FR"},{"@type":"WebPage","@id":"https:\/\/shannex.com\/fr\/nouvelles-et-annonces\/covid-19-fr\/covid-19-update-may-5-2020-a-message-to-our-valued-community\/","url":"https:\/\/shannex.com\/fr\/nouvelles-et-annonces\/covid-19-fr\/covid-19-update-may-5-2020-a-message-to-our-valued-community\/","name":"Mise \u00e0 jour sur la COVID-19 : 5 mai 2020 \u2013 Un message \u00e0 notre communaut\u00e9","isPartOf":{"@id":"https:\/\/shannex.com\/fr\/#website"},"primaryImageOfPage":{"@id":"https:\/\/shannex.com\/fr\/nouvelles-et-annonces\/covid-19-fr\/covid-19-update-may-5-2020-a-message-to-our-valued-community\/#primaryimage"},"image":{"@id":"https:\/\/shannex.com\/fr\/nouvelles-et-annonces\/covid-19-fr\/covid-19-update-may-5-2020-a-message-to-our-valued-community\/#primaryimage"},"thumbnailUrl":"https:\/\/shannex.com\/wp-content\/uploads\/2021\/05\/news_covid19_image.jpg","datePublished":"2020-05-05T14:50:27+00:00","dateModified":"2024-01-15T18:25:49+00:00","inLanguage":"fr-FR","potentialAction":[{"@type":"ReadAction","target":["https:\/\/shannex.com\/fr\/nouvelles-et-annonces\/covid-19-fr\/covid-19-update-may-5-2020-a-message-to-our-valued-community\/"]}]},{"@type":"ImageObject","inLanguage":"fr-FR","@id":"https:\/\/shannex.com\/fr\/nouvelles-et-annonces\/covid-19-fr\/covid-19-update-may-5-2020-a-message-to-our-valued-community\/#primaryimage","url":"https:\/\/shannex.com\/wp-content\/uploads\/2021\/05\/news_covid19_image.jpg","contentUrl":"https:\/\/shannex.com\/wp-content\/uploads\/2021\/05\/news_covid19_image.jpg","width":752,"height":452},{"@type":"WebSite","@id":"https:\/\/shannex.com\/fr\/#website","url":"https:\/\/shannex.com\/fr\/","name":"Shannex","description":"","publisher":{"@id":"https:\/\/shannex.com\/fr\/#organization"},"potentialAction":[{"@type":"SearchAction","target":{"@type":"EntryPoint","urlTemplate":"https:\/\/shannex.com\/fr\/?s={search_term_string}"},"query-input":{"@type":"PropertyValueSpecification","valueRequired":true,"valueName":"search_term_string"}}],"inLanguage":"fr-FR"},{"@type":"Organization","@id":"https:\/\/shannex.com\/fr\/#organization","name":"Shannex","url":"https:\/\/shannex.com\/fr\/","logo":{"@type":"ImageObject","inLanguage":"fr-FR","@id":"https:\/\/shannex.com\/fr\/#\/schema\/logo\/image\/","url":"https:\/\/shannex.com\/wp-content\/uploads\/2022\/01\/shannex-logo.svg","contentUrl":"https:\/\/shannex.com\/wp-content\/uploads\/2022\/01\/shannex-logo.svg","width":486,"height":91,"caption":"Shannex"},"image":{"@id":"https:\/\/shannex.com\/fr\/#\/schema\/logo\/image\/"}},{"@type":"Person","@id":"https:\/\/shannex.com\/fr\/#\/schema\/person\/6d097523361a149d3338a2e088c16a81","name":"Wynne Van Thielen","image":{"@type":"ImageObject","inLanguage":"fr-FR","@id":"https:\/\/secure.gravatar.com\/avatar\/55d6bac15308d5174d1b5343a5795ffb8f9f359905470b8f19f245da0bf3ad79?s=96&d=mm&r=g","url":"https:\/\/secure.gravatar.com\/avatar\/55d6bac15308d5174d1b5343a5795ffb8f9f359905470b8f19f245da0bf3ad79?s=96&d=mm&r=g","contentUrl":"https:\/\/secure.gravatar.com\/avatar\/55d6bac15308d5174d1b5343a5795ffb8f9f359905470b8f19f245da0bf3ad79?s=96&d=mm&r=g","caption":"Wynne Van Thielen"},"sameAs":["https:\/\/shannex.com"],"url":"https:\/\/shannex.com\/fr\/author\/wynne\/"}]}},"_links":{"self":[{"href":"https:\/\/shannex.com\/fr\/wp-json\/wp\/v2\/posts\/7200","targetHints":{"allow":["GET"]}}],"collection":[{"href":"https:\/\/shannex.com\/fr\/wp-json\/wp\/v2\/posts"}],"about":[{"href":"https:\/\/shannex.com\/fr\/wp-json\/wp\/v2\/types\/post"}],"author":[{"embeddable":true,"href":"https:\/\/shannex.com\/fr\/wp-json\/wp\/v2\/users\/4"}],"replies":[{"embeddable":true,"href":"https:\/\/shannex.com\/fr\/wp-json\/wp\/v2\/comments?post=7200"}],"version-history":[{"count":0,"href":"https:\/\/shannex.com\/fr\/wp-json\/wp\/v2\/posts\/7200\/revisions"}],"wp:featuredmedia":[{"embeddable":true,"href":"https:\/\/shannex.com\/fr\/wp-json\/wp\/v2\/media\/7357"}],"wp:attachment":[{"href":"https:\/\/shannex.com\/fr\/wp-json\/wp\/v2\/media?parent=7200"}],"wp:term":[{"taxonomy":"category","embeddable":true,"href":"https:\/\/shannex.com\/fr\/wp-json\/wp\/v2\/categories?post=7200"},{"taxonomy":"post_tag","embeddable":true,"href":"https:\/\/shannex.com\/fr\/wp-json\/wp\/v2\/tags?post=7200"}],"curies":[{"name":"wp","href":"https:\/\/api.w.org\/{rel}","templated":true}]}}