{"id":9302,"date":"2022-08-17T13:43:10","date_gmt":"2022-08-17T17:43:10","guid":{"rendered":"https:\/\/shannex.com\/?p=9302"},"modified":"2022-10-11T09:49:02","modified_gmt":"2022-10-11T13:49:02","slug":"long-term-care-proud","status":"publish","type":"post","link":"https:\/\/shannex.com\/fr\/connections-magazine\/long-term-care-proud\/","title":{"rendered":"Long Term Care Proud"},"content":{"rendered":"\n<h4 class=\"wp-block-heading\">Shannex Enhanced Care<\/h4>\n\n\n\n<p>This year, we joined our sector partners to recognize Long Term Care Day in Nova Scotia (June 23) and Nursing Home Week in New Brunswick (June 6-10).<\/p>\n\n\n\n<p>We are proud of our Great People who work to improve the lives of residents in long term care communities every day. Thank you for your ongoing commitment and dedication.<\/p>\n\n\n\n<div class=\"wp-block-columns is-layout-flex wp-container-core-columns-is-layout-28f84493 wp-block-columns-is-layout-flex\">\n<div class=\"wp-block-column is-layout-flow wp-block-column-is-layout-flow\">\n<figure class=\"wp-block-image size-large\"><img decoding=\"async\" width=\"1024\" height=\"819\" src=\"https:\/\/shannex.com\/wp-content\/uploads\/2022\/08\/Ryan-Hall-LTC-Proud-1024x819.jpg\" alt=\"\" class=\"wp-image-9303\" srcset=\"https:\/\/shannex.com\/wp-content\/uploads\/2022\/08\/Ryan-Hall-LTC-Proud-1024x819.jpg 1024w, https:\/\/shannex.com\/wp-content\/uploads\/2022\/08\/Ryan-Hall-LTC-Proud-300x240.jpg 300w, https:\/\/shannex.com\/wp-content\/uploads\/2022\/08\/Ryan-Hall-LTC-Proud-768x614.jpg 768w, https:\/\/shannex.com\/wp-content\/uploads\/2022\/08\/Ryan-Hall-LTC-Proud-1536x1229.jpg 1536w, https:\/\/shannex.com\/wp-content\/uploads\/2022\/08\/Ryan-Hall-LTC-Proud.jpg 1920w\" sizes=\"(max-width: 1024px) 100vw, 1024px\" \/><figcaption>Members of the Cedarstone Enhanced Care Team celebrate Long Term Care Proud Day.<\/figcaption><\/figure>\n<\/div>\n\n\n\n<div class=\"wp-block-column is-layout-flow wp-block-column-is-layout-flow\">\n<figure class=\"wp-block-image size-large\"><img decoding=\"async\" width=\"1024\" height=\"819\" src=\"https:\/\/shannex.com\/wp-content\/uploads\/2022\/08\/Losier-Hall-Nursing-Home-Week-Photo-Blue-Book-1024x819.jpg\" alt=\"\" class=\"wp-image-9305\" srcset=\"https:\/\/shannex.com\/wp-content\/uploads\/2022\/08\/Losier-Hall-Nursing-Home-Week-Photo-Blue-Book-1024x819.jpg 1024w, https:\/\/shannex.com\/wp-content\/uploads\/2022\/08\/Losier-Hall-Nursing-Home-Week-Photo-Blue-Book-300x240.jpg 300w, https:\/\/shannex.com\/wp-content\/uploads\/2022\/08\/Losier-Hall-Nursing-Home-Week-Photo-Blue-Book-768x614.jpg 768w, https:\/\/shannex.com\/wp-content\/uploads\/2022\/08\/Losier-Hall-Nursing-Home-Week-Photo-Blue-Book-1536x1229.jpg 1536w, https:\/\/shannex.com\/wp-content\/uploads\/2022\/08\/Losier-Hall-Nursing-Home-Week-Photo-Blue-Book.jpg 1890w\" sizes=\"(max-width: 1024px) 100vw, 1024px\" \/><figcaption>Losier Hall team members Billy Dean, Elizabeth Davis, and Erica Sutherland stand together for a picture.<\/figcaption><\/figure>\n<\/div>\n\n\n\n<div class=\"wp-block-column is-layout-flow wp-block-column-is-layout-flow\">\n<figure class=\"wp-block-image size-full\"><img decoding=\"async\" width=\"600\" height=\"480\" src=\"https:\/\/shannex.com\/wp-content\/uploads\/2022\/08\/Cedarstone-LTC-Proud.jpg\" alt=\"\" class=\"wp-image-9307\" srcset=\"https:\/\/shannex.com\/wp-content\/uploads\/2022\/08\/Cedarstone-LTC-Proud.jpg 600w, https:\/\/shannex.com\/wp-content\/uploads\/2022\/08\/Cedarstone-LTC-Proud-300x240.jpg 300w\" sizes=\"(max-width: 600px) 100vw, 600px\" \/><figcaption>Ryan Hall residents and team members gather for a photo.<br>(L-R) Back: Mae Berggren, Krista Vaughan, VJ Agra, Holly Conway, Judy Wells, Ed Pottie.<br>Front: Betty Conrad, Catherine Ingram, Muriel Canning, Karen Coulstring, Loretta Grandy.<\/figcaption><\/figure>\n<\/div>\n<\/div>\n","protected":false},"excerpt":{"rendered":"<p>Shannex Enhanced Care This year, we joined our sector partners [&hellip;]<\/p>\n","protected":false},"author":4,"featured_media":9303,"comment_status":"open","ping_status":"open","sticky":false,"template":"","format":"standard","meta":{"_acf_changed":false,"inline_featured_image":false,"footnotes":""},"categories":[85,45,13],"tags":[],"class_list":["post-9302","post","type-post","status-publish","format-standard","has-post-thumbnail","hentry","category-summer-2022","category-event","category-connections-magazine"],"acf":[],"yoast_head":"<!-- This site is optimized with the Yoast SEO plugin v27.3 - https:\/\/yoast.com\/product\/yoast-seo-wordpress\/ -->\n<title>Long Term Care Proud<\/title>\n<meta name=\"robots\" content=\"index, follow, max-snippet:-1, max-image-preview:large, max-video-preview:-1\" \/>\n<link rel=\"canonical\" href=\"https:\/\/shannex.com\/fr\/connections-magazine\/long-term-care-proud\/\" \/>\n<meta property=\"og:locale\" content=\"fr_FR\" \/>\n<meta property=\"og:type\" content=\"article\" \/>\n<meta property=\"og:title\" content=\"Long Term Care Proud\" \/>\n<meta property=\"og:description\" content=\"Shannex Enhanced Care This year, we joined our sector partners [&hellip;]\" \/>\n<meta property=\"og:url\" content=\"https:\/\/shannex.com\/fr\/connections-magazine\/long-term-care-proud\/\" \/>\n<meta property=\"og:site_name\" content=\"Shannex\" \/>\n<meta property=\"article:published_time\" content=\"2022-08-17T17:43:10+00:00\" \/>\n<meta property=\"article:modified_time\" content=\"2022-10-11T13:49:02+00:00\" \/>\n<meta property=\"og:image\" content=\"https:\/\/shannex.com\/wp-content\/uploads\/2022\/08\/Ryan-Hall-LTC-Proud.jpg\" \/>\n\t<meta property=\"og:image:width\" content=\"1920\" \/>\n\t<meta property=\"og:image:height\" content=\"1536\" \/>\n\t<meta property=\"og:image:type\" content=\"image\/jpeg\" \/>\n<meta name=\"author\" content=\"Wynne Van Thielen\" \/>\n<meta name=\"twitter:card\" content=\"summary_large_image\" \/>\n<meta name=\"twitter:label1\" content=\"\u00c9crit par\" \/>\n\t<meta name=\"twitter:data1\" content=\"Wynne Van Thielen\" \/>\n\t<meta name=\"twitter:label2\" content=\"Dur\u00e9e de lecture estim\u00e9e\" \/>\n\t<meta name=\"twitter:data2\" content=\"2 minutes\" \/>\n<script type=\"application\/ld+json\" class=\"yoast-schema-graph\">{\"@context\":\"https:\\\/\\\/schema.org\",\"@graph\":[{\"@type\":\"Article\",\"@id\":\"https:\\\/\\\/shannex.com\\\/fr\\\/connections-magazine\\\/long-term-care-proud\\\/#article\",\"isPartOf\":{\"@id\":\"https:\\\/\\\/shannex.com\\\/fr\\\/connections-magazine\\\/long-term-care-proud\\\/\"},\"author\":{\"name\":\"Wynne Van Thielen\",\"@id\":\"https:\\\/\\\/shannex.com\\\/fr\\\/#\\\/schema\\\/person\\\/6d097523361a149d3338a2e088c16a81\"},\"headline\":\"Long Term Care Proud\",\"datePublished\":\"2022-08-17T17:43:10+00:00\",\"dateModified\":\"2022-10-11T13:49:02+00:00\",\"mainEntityOfPage\":{\"@id\":\"https:\\\/\\\/shannex.com\\\/fr\\\/connections-magazine\\\/long-term-care-proud\\\/\"},\"wordCount\":127,\"commentCount\":0,\"publisher\":{\"@id\":\"https:\\\/\\\/shannex.com\\\/fr\\\/#organization\"},\"image\":{\"@id\":\"https:\\\/\\\/shannex.com\\\/fr\\\/connections-magazine\\\/long-term-care-proud\\\/#primaryimage\"},\"thumbnailUrl\":\"https:\\\/\\\/shannex.com\\\/wp-content\\\/uploads\\\/2022\\\/08\\\/Ryan-Hall-LTC-Proud.jpg\",\"articleSection\":[\"Summer 2022\",\"Events\",\"Connections Magazine\"],\"inLanguage\":\"fr-FR\",\"potentialAction\":[{\"@type\":\"CommentAction\",\"name\":\"Comment\",\"target\":[\"https:\\\/\\\/shannex.com\\\/fr\\\/connections-magazine\\\/long-term-care-proud\\\/#respond\"]}]},{\"@type\":\"WebPage\",\"@id\":\"https:\\\/\\\/shannex.com\\\/fr\\\/connections-magazine\\\/long-term-care-proud\\\/\",\"url\":\"https:\\\/\\\/shannex.com\\\/fr\\\/connections-magazine\\\/long-term-care-proud\\\/\",\"name\":\"Long Term Care Proud\",\"isPartOf\":{\"@id\":\"https:\\\/\\\/shannex.com\\\/fr\\\/#website\"},\"primaryImageOfPage\":{\"@id\":\"https:\\\/\\\/shannex.com\\\/fr\\\/connections-magazine\\\/long-term-care-proud\\\/#primaryimage\"},\"image\":{\"@id\":\"https:\\\/\\\/shannex.com\\\/fr\\\/connections-magazine\\\/long-term-care-proud\\\/#primaryimage\"},\"thumbnailUrl\":\"https:\\\/\\\/shannex.com\\\/wp-content\\\/uploads\\\/2022\\\/08\\\/Ryan-Hall-LTC-Proud.jpg\",\"datePublished\":\"2022-08-17T17:43:10+00:00\",\"dateModified\":\"2022-10-11T13:49:02+00:00\",\"inLanguage\":\"fr-FR\",\"potentialAction\":[{\"@type\":\"ReadAction\",\"target\":[\"https:\\\/\\\/shannex.com\\\/fr\\\/connections-magazine\\\/long-term-care-proud\\\/\"]}]},{\"@type\":\"ImageObject\",\"inLanguage\":\"fr-FR\",\"@id\":\"https:\\\/\\\/shannex.com\\\/fr\\\/connections-magazine\\\/long-term-care-proud\\\/#primaryimage\",\"url\":\"https:\\\/\\\/shannex.com\\\/wp-content\\\/uploads\\\/2022\\\/08\\\/Ryan-Hall-LTC-Proud.jpg\",\"contentUrl\":\"https:\\\/\\\/shannex.com\\\/wp-content\\\/uploads\\\/2022\\\/08\\\/Ryan-Hall-LTC-Proud.jpg\",\"width\":1920,\"height\":1536},{\"@type\":\"WebSite\",\"@id\":\"https:\\\/\\\/shannex.com\\\/fr\\\/#website\",\"url\":\"https:\\\/\\\/shannex.com\\\/fr\\\/\",\"name\":\"Shannex\",\"description\":\"\",\"publisher\":{\"@id\":\"https:\\\/\\\/shannex.com\\\/fr\\\/#organization\"},\"potentialAction\":[{\"@type\":\"SearchAction\",\"target\":{\"@type\":\"EntryPoint\",\"urlTemplate\":\"https:\\\/\\\/shannex.com\\\/fr\\\/?s={search_term_string}\"},\"query-input\":{\"@type\":\"PropertyValueSpecification\",\"valueRequired\":true,\"valueName\":\"search_term_string\"}}],\"inLanguage\":\"fr-FR\"},{\"@type\":\"Organization\",\"@id\":\"https:\\\/\\\/shannex.com\\\/fr\\\/#organization\",\"name\":\"Shannex\",\"url\":\"https:\\\/\\\/shannex.com\\\/fr\\\/\",\"logo\":{\"@type\":\"ImageObject\",\"inLanguage\":\"fr-FR\",\"@id\":\"https:\\\/\\\/shannex.com\\\/fr\\\/#\\\/schema\\\/logo\\\/image\\\/\",\"url\":\"https:\\\/\\\/shannex.com\\\/wp-content\\\/uploads\\\/2022\\\/01\\\/shannex-logo.svg\",\"contentUrl\":\"https:\\\/\\\/shannex.com\\\/wp-content\\\/uploads\\\/2022\\\/01\\\/shannex-logo.svg\",\"width\":486,\"height\":91,\"caption\":\"Shannex\"},\"image\":{\"@id\":\"https:\\\/\\\/shannex.com\\\/fr\\\/#\\\/schema\\\/logo\\\/image\\\/\"}},{\"@type\":\"Person\",\"@id\":\"https:\\\/\\\/shannex.com\\\/fr\\\/#\\\/schema\\\/person\\\/6d097523361a149d3338a2e088c16a81\",\"name\":\"Wynne Van Thielen\",\"image\":{\"@type\":\"ImageObject\",\"inLanguage\":\"fr-FR\",\"@id\":\"https:\\\/\\\/secure.gravatar.com\\\/avatar\\\/55d6bac15308d5174d1b5343a5795ffb8f9f359905470b8f19f245da0bf3ad79?s=96&d=mm&r=g\",\"url\":\"https:\\\/\\\/secure.gravatar.com\\\/avatar\\\/55d6bac15308d5174d1b5343a5795ffb8f9f359905470b8f19f245da0bf3ad79?s=96&d=mm&r=g\",\"contentUrl\":\"https:\\\/\\\/secure.gravatar.com\\\/avatar\\\/55d6bac15308d5174d1b5343a5795ffb8f9f359905470b8f19f245da0bf3ad79?s=96&d=mm&r=g\",\"caption\":\"Wynne Van Thielen\"},\"sameAs\":[\"https:\\\/\\\/shannex.com\"],\"url\":\"https:\\\/\\\/shannex.com\\\/fr\\\/author\\\/wynne\\\/\"}]}<\/script>\n<!-- \/ Yoast SEO plugin. -->","yoast_head_json":{"title":"Long Term Care Proud","robots":{"index":"index","follow":"follow","max-snippet":"max-snippet:-1","max-image-preview":"max-image-preview:large","max-video-preview":"max-video-preview:-1"},"canonical":"https:\/\/shannex.com\/fr\/connections-magazine\/long-term-care-proud\/","og_locale":"fr_FR","og_type":"article","og_title":"Long Term Care Proud","og_description":"Shannex Enhanced Care This year, we joined our sector partners [&hellip;]","og_url":"https:\/\/shannex.com\/fr\/connections-magazine\/long-term-care-proud\/","og_site_name":"Shannex","article_published_time":"2022-08-17T17:43:10+00:00","article_modified_time":"2022-10-11T13:49:02+00:00","og_image":[{"width":1920,"height":1536,"url":"https:\/\/shannex.com\/wp-content\/uploads\/2022\/08\/Ryan-Hall-LTC-Proud.jpg","type":"image\/jpeg"}],"author":"Wynne Van Thielen","twitter_card":"summary_large_image","twitter_misc":{"\u00c9crit par":"Wynne Van Thielen","Dur\u00e9e de lecture estim\u00e9e":"2 minutes"},"schema":{"@context":"https:\/\/schema.org","@graph":[{"@type":"Article","@id":"https:\/\/shannex.com\/fr\/connections-magazine\/long-term-care-proud\/#article","isPartOf":{"@id":"https:\/\/shannex.com\/fr\/connections-magazine\/long-term-care-proud\/"},"author":{"name":"Wynne Van Thielen","@id":"https:\/\/shannex.com\/fr\/#\/schema\/person\/6d097523361a149d3338a2e088c16a81"},"headline":"Long Term Care Proud","datePublished":"2022-08-17T17:43:10+00:00","dateModified":"2022-10-11T13:49:02+00:00","mainEntityOfPage":{"@id":"https:\/\/shannex.com\/fr\/connections-magazine\/long-term-care-proud\/"},"wordCount":127,"commentCount":0,"publisher":{"@id":"https:\/\/shannex.com\/fr\/#organization"},"image":{"@id":"https:\/\/shannex.com\/fr\/connections-magazine\/long-term-care-proud\/#primaryimage"},"thumbnailUrl":"https:\/\/shannex.com\/wp-content\/uploads\/2022\/08\/Ryan-Hall-LTC-Proud.jpg","articleSection":["Summer 2022","Events","Connections Magazine"],"inLanguage":"fr-FR","potentialAction":[{"@type":"CommentAction","name":"Comment","target":["https:\/\/shannex.com\/fr\/connections-magazine\/long-term-care-proud\/#respond"]}]},{"@type":"WebPage","@id":"https:\/\/shannex.com\/fr\/connections-magazine\/long-term-care-proud\/","url":"https:\/\/shannex.com\/fr\/connections-magazine\/long-term-care-proud\/","name":"Long Term Care Proud","isPartOf":{"@id":"https:\/\/shannex.com\/fr\/#website"},"primaryImageOfPage":{"@id":"https:\/\/shannex.com\/fr\/connections-magazine\/long-term-care-proud\/#primaryimage"},"image":{"@id":"https:\/\/shannex.com\/fr\/connections-magazine\/long-term-care-proud\/#primaryimage"},"thumbnailUrl":"https:\/\/shannex.com\/wp-content\/uploads\/2022\/08\/Ryan-Hall-LTC-Proud.jpg","datePublished":"2022-08-17T17:43:10+00:00","dateModified":"2022-10-11T13:49:02+00:00","inLanguage":"fr-FR","potentialAction":[{"@type":"ReadAction","target":["https:\/\/shannex.com\/fr\/connections-magazine\/long-term-care-proud\/"]}]},{"@type":"ImageObject","inLanguage":"fr-FR","@id":"https:\/\/shannex.com\/fr\/connections-magazine\/long-term-care-proud\/#primaryimage","url":"https:\/\/shannex.com\/wp-content\/uploads\/2022\/08\/Ryan-Hall-LTC-Proud.jpg","contentUrl":"https:\/\/shannex.com\/wp-content\/uploads\/2022\/08\/Ryan-Hall-LTC-Proud.jpg","width":1920,"height":1536},{"@type":"WebSite","@id":"https:\/\/shannex.com\/fr\/#website","url":"https:\/\/shannex.com\/fr\/","name":"Shannex","description":"","publisher":{"@id":"https:\/\/shannex.com\/fr\/#organization"},"potentialAction":[{"@type":"SearchAction","target":{"@type":"EntryPoint","urlTemplate":"https:\/\/shannex.com\/fr\/?s={search_term_string}"},"query-input":{"@type":"PropertyValueSpecification","valueRequired":true,"valueName":"search_term_string"}}],"inLanguage":"fr-FR"},{"@type":"Organization","@id":"https:\/\/shannex.com\/fr\/#organization","name":"Shannex","url":"https:\/\/shannex.com\/fr\/","logo":{"@type":"ImageObject","inLanguage":"fr-FR","@id":"https:\/\/shannex.com\/fr\/#\/schema\/logo\/image\/","url":"https:\/\/shannex.com\/wp-content\/uploads\/2022\/01\/shannex-logo.svg","contentUrl":"https:\/\/shannex.com\/wp-content\/uploads\/2022\/01\/shannex-logo.svg","width":486,"height":91,"caption":"Shannex"},"image":{"@id":"https:\/\/shannex.com\/fr\/#\/schema\/logo\/image\/"}},{"@type":"Person","@id":"https:\/\/shannex.com\/fr\/#\/schema\/person\/6d097523361a149d3338a2e088c16a81","name":"Wynne Van Thielen","image":{"@type":"ImageObject","inLanguage":"fr-FR","@id":"https:\/\/secure.gravatar.com\/avatar\/55d6bac15308d5174d1b5343a5795ffb8f9f359905470b8f19f245da0bf3ad79?s=96&d=mm&r=g","url":"https:\/\/secure.gravatar.com\/avatar\/55d6bac15308d5174d1b5343a5795ffb8f9f359905470b8f19f245da0bf3ad79?s=96&d=mm&r=g","contentUrl":"https:\/\/secure.gravatar.com\/avatar\/55d6bac15308d5174d1b5343a5795ffb8f9f359905470b8f19f245da0bf3ad79?s=96&d=mm&r=g","caption":"Wynne Van Thielen"},"sameAs":["https:\/\/shannex.com"],"url":"https:\/\/shannex.com\/fr\/author\/wynne\/"}]}},"_links":{"self":[{"href":"https:\/\/shannex.com\/fr\/wp-json\/wp\/v2\/posts\/9302","targetHints":{"allow":["GET"]}}],"collection":[{"href":"https:\/\/shannex.com\/fr\/wp-json\/wp\/v2\/posts"}],"about":[{"href":"https:\/\/shannex.com\/fr\/wp-json\/wp\/v2\/types\/post"}],"author":[{"embeddable":true,"href":"https:\/\/shannex.com\/fr\/wp-json\/wp\/v2\/users\/4"}],"replies":[{"embeddable":true,"href":"https:\/\/shannex.com\/fr\/wp-json\/wp\/v2\/comments?post=9302"}],"version-history":[{"count":0,"href":"https:\/\/shannex.com\/fr\/wp-json\/wp\/v2\/posts\/9302\/revisions"}],"wp:featuredmedia":[{"embeddable":true,"href":"https:\/\/shannex.com\/fr\/wp-json\/wp\/v2\/media\/9303"}],"wp:attachment":[{"href":"https:\/\/shannex.com\/fr\/wp-json\/wp\/v2\/media?parent=9302"}],"wp:term":[{"taxonomy":"category","embeddable":true,"href":"https:\/\/shannex.com\/fr\/wp-json\/wp\/v2\/categories?post=9302"},{"taxonomy":"post_tag","embeddable":true,"href":"https:\/\/shannex.com\/fr\/wp-json\/wp\/v2\/tags?post=9302"}],"curies":[{"name":"wp","href":"https:\/\/api.w.org\/{rel}","templated":true}]}}